{"id":268609,"date":"2026-09-04T16:21:14","date_gmt":"2026-09-04T16:21:14","guid":{"rendered":"https:\/\/www.europesays.com\/ee\/268609\/"},"modified":"2026-09-04T16:21:14","modified_gmt":"2026-09-04T16:21:14","slug":"minister-terras-omniva-muugist-usun-et-saame-ettevotte-eest-oiglase-hinna","status":"publish","type":"post","link":"https:\/\/www.europesays.com\/ee\/268609\/","title":{"rendered":"Minister Terras Omniva m\u00fc\u00fcgist: usun, et saame ettev\u00f5tte eest \u00f5iglase hinna"},"content":{"rendered":"<p>Pakkumises osalemiseks tuleb esitada miljoni euro suurune tagatis. Pakkumisi saab esitada 27. novembrini. M\u00fc\u00fcgileping s\u00f5lmitakse eelduslikult detsembris 2026 v\u00f5i jaanuaris 2027.<\/p>\n<p>J\u00e4rgneb l\u00fchiintervjuu Hendrik Johannes Terrasega.<\/p>\n<p>Kuidas on tagatud, et m\u00fc\u00fcgiga <a rel=\"noopener nofollow\" target=\"_blank\" href=\"https:\/\/www.delfi.ee\/teema\/24850335\/postiteenus\" tag-id=\"24850335\">postiteenus<\/a> ei l\u00e4he halvemaks ega kallimaks?<\/p>\n<p>Postiteenuse tagamine on riigi kohustus, mida reguleerib <a rel=\"noopener nofollow\" target=\"_blank\" href=\"https:\/\/www.delfi.ee\/teema\/96857179\/postiseadus\" tag-id=\"96857179\">postiseadus<\/a>. Seaduse j\u00e4rgi tuleb kirjad, ajalehed ja ajakirjad inimestele kohale toimetada viis p\u00e4eva n\u00e4dalas ning nii j\u00e4\u00e4b see ka edaspidi. Riik on selle kohustuse endale v\u00f5tnud ja tagab selle t\u00e4itmise. See ei s\u00f5ltu sellest, kes on teenust osutava ettev\u00f5tte omanik.<\/p>\n<p>Millised hoovad on riigil, kui uue omaniku juhtimisel peaks probleeme tekkima?<\/p>\n<p>Nagu iga teise seadusrikkumise puhul, on riigil v\u00f5imalik n\u00f5uete t\u00e4itmine seadusest tulenevatel alustel tagada.<\/p>\n<p>Kui palju on juba teada ettev\u00f5tteid, kes tunnevad enampakkumise vastu huvi?<\/p>\n<p>Selle kohta ei ole mul infot.<\/p>\n<p><a href=\"http:\/\/arileht.delfi.ee\/artikkel\/120600149\/omniva-venipaki-tehing-kinnitab-et-rahvusvahelised-tegijad-tunnevad-piirkonna-vastu-huvi#dalrel-in-article\" class=\"content-embedded-articles-double__embedded-article\" data-v-a517420a=\"\" rel=\"nofollow noopener\" target=\"_blank\"><\/p>\n<p>28.07.2026<\/p>\n<p>Omniva: Venipaki tehing kinnitab, et rahvusvahelised tegijad tunnevad piirkonna vastu huvi(11)<\/p>\n<p><\/a><a href=\"http:\/\/arileht.delfi.ee\/artikkel\/120608409\/riik-pani-omniva-52-miljoni-euroga-muuki#dalrel-in-article\" class=\"content-embedded-articles-double__embedded-article\" data-v-a517420a=\"\" rel=\"nofollow noopener\" target=\"_blank\"><\/p>\n<p>04.09.2026<\/p>\n<p>Riik pani Omniva 52 miljoni euroga m\u00fc\u00fcki(92)<\/p>\n<p><\/a><\/p>\n<p>Kas \u00fchtegi kontakti ega kohtumist senimaani pole olnud?<\/p>\n<p>Minuga ei ole kohtunud ega soovinud kohtuda \u00fckski teadaolevalt selle eesm\u00e4rgiga potentsiaalne ostja. Seda infot mul ei ole ega n\u00e4e ka otsesest tarvilikkust.<\/p>\n<p>Miks m\u00fc\u00fcakse kogu ettev\u00f5te, mitte osaliselt, viies n\u00e4iteks firma b\u00f6rsile?<\/p>\n<p>Viidi l\u00e4bi anal\u00fc\u00fcs ja anal\u00fc\u00fcsi tulemusel leiti \u00fcsna \u00fcheselt, et m\u00f5istlikum on kaasata strateegiline partner, et tagada vajalikud investeeringud, mis v\u00f5imaldaks ettev\u00f5ttel olla konkurentsiv\u00f5imeline. <\/p>\n<p>Alghind on 52 miljonit eurot, Omniva omakapital on 63,5 miljonit eurot. Kas v\u00f5ib juhtuda, et v\u00f5idakse m\u00fc\u00fca n-\u00f6 soodushinnaga?<\/p>\n<p>Taaskord, see number ei ole tulnud heast soovist ega minu unen\u00e4ost, kui nii v\u00f5ib \u00f6elda, vaid selle taga on anal\u00fc\u00fcs. Konsultatsiooniettev\u00f5te on ettev\u00f5tte p\u00f5hjalikult l\u00e4bi vaadanud ja pannud paika pakkumiste vahemiku. Tuleb r\u00f5hutada, et tegemist on alghinna, mitte l\u00f5pliku m\u00fc\u00fcgihinnaga.<\/p>\n<p>Meil on minu valdkonnast ka \u00fcks hiljutine n\u00e4ide, Paide piimatehas, mis m\u00fc\u00fcdi tunduvalt kallima hinnaga, kui selle oksjoni alghind oli. L\u00f5puks kujuneb enampakkumisel ettev\u00f5tte \u00f5iglane hind ning alghind ei pruugi j\u00e4\u00e4da l\u00f5plikuks m\u00fc\u00fcgihinnaks.<\/p>\n<p>Milline on teie isiklik ootus: kui palju v\u00f5iks m\u00fc\u00fcgihind alghinnast t\u00f5usta? Kas poolteise- v\u00f5i kahekordne hind oleks realistlik?<\/p>\n<p>Mul sellist konkreetset ootust ei ole. Hind kehtestatakse enampakkumise kaudu, p\u00f5hineb turul konkurentsi k\u00e4igus. Ma usun, et enampakkumise kaudu saab ettev\u00f5tte eest \u00f5iglase hinna.<\/p>\n<p>On spekuleeritud, et potentsiaalsete ostjate seas v\u00f5ib olla m\u00f5ni Hiina ettev\u00f5te. Kas see v\u00f5ib olla realistlik stsenaarium?<\/p>\n<p>Minuni ei ole sellised spekulatsioonid j\u00f5udnud. M\u00fc\u00fcgile on seatud konkreetsed tingimused ning ettev\u00f5tte ostja tausta kontrollitakse p\u00f5hjalikult. Viimase hoovana on alati v\u00f5imalik tehingust keelduda, kui n\u00e4eme, et seal peaks olema mingi oht.<\/p>\n<p>Kuidas see lugu Sind end tundma pani?Saada<a href=\"https:\/\/arileht.delfi.ee\/artikkel\/120608429\/minister-terras-omniva-muugist-usun-et-saame-ettevotte-eest-oiglase-hinna\/kommentaarid\" class=\"button button--primary button--size-auto article-body-bottom__comment article-body-bottom__comment--write\" style=\"\" rel=\"nofollow noopener\" target=\"_blank\">Kommenteeri<\/a><a href=\"https:\/\/arileht.delfi.ee\/artikkel\/120608429\/minister-terras-omniva-muugist-usun-et-saame-ettevotte-eest-oiglase-hinna\/kommentaarid\" class=\"button button--size-auto article-body-bottom__comment article-body-bottom__comment--read\" style=\"\" rel=\"nofollow noopener\" target=\"_blank\">Loe kommentaare (3)<\/a><\/p>\n","protected":false},"excerpt":{"rendered":"Pakkumises osalemiseks tuleb esitada miljoni euro suurune tagatis. Pakkumisi saab esitada 27. novembrini. M\u00fc\u00fcgileping s\u00f5lmitakse eelduslikult detsembris 2026&hellip;\n","protected":false},"author":2,"featured_media":268610,"comment_status":"","ping_status":"","sticky":false,"template":"","format":"standard","meta":{"footnotes":"","_share_on_mastodon":"0"},"categories":[12],"tags":[26,27,37,33,35,255,2125,34,36,87339,31,32,21,6950,28,29,19,254,25,83791,9707,23,24,22,20,30],"class_list":["post-268609","post","type-post","status-publish","format-standard","has-post-thumbnail","category-eesti","tag-breaking-news","tag-breakingnews","tag-ee","tag-eesti","tag-eesti-keel","tag-eesti-post","tag-enampakkumine","tag-estonia","tag-estonian","tag-ettevotte-muuk","tag-featured-news","tag-featurednews","tag-headlines","tag-hendrik-johannes-terras","tag-latest-news","tag-latestnews","tag-news","tag-omniva","tag-populaarseimad-lood","tag-postiseadus","tag-postiteenus","tag-top-stories","tag-topstories","tag-uldised-uudised","tag-uudised","tag-viimased-uudised"],"share_on_mastodon":{"url":"https:\/\/pubeurope.com\/@ee\/117213690992732150","error":""},"_links":{"self":[{"href":"https:\/\/www.europesays.com\/ee\/wp-json\/wp\/v2\/posts\/268609","targetHints":{"allow":["GET"]}}],"collection":[{"href":"https:\/\/www.europesays.com\/ee\/wp-json\/wp\/v2\/posts"}],"about":[{"href":"https:\/\/www.europesays.com\/ee\/wp-json\/wp\/v2\/types\/post"}],"author":[{"embeddable":true,"href":"https:\/\/www.europesays.com\/ee\/wp-json\/wp\/v2\/users\/2"}],"replies":[{"embeddable":true,"href":"https:\/\/www.europesays.com\/ee\/wp-json\/wp\/v2\/comments?post=268609"}],"version-history":[{"count":0,"href":"https:\/\/www.europesays.com\/ee\/wp-json\/wp\/v2\/posts\/268609\/revisions"}],"wp:featuredmedia":[{"embeddable":true,"href":"https:\/\/www.europesays.com\/ee\/wp-json\/wp\/v2\/media\/268610"}],"wp:attachment":[{"href":"https:\/\/www.europesays.com\/ee\/wp-json\/wp\/v2\/media?parent=268609"}],"wp:term":[{"taxonomy":"category","embeddable":true,"href":"https:\/\/www.europesays.com\/ee\/wp-json\/wp\/v2\/categories?post=268609"},{"taxonomy":"post_tag","embeddable":true,"href":"https:\/\/www.europesays.com\/ee\/wp-json\/wp\/v2\/tags?post=268609"}],"curies":[{"name":"wp","href":"https:\/\/api.w.org\/{rel}","templated":true}]}}