{"id":268617,"date":"2026-09-04T16:29:34","date_gmt":"2026-09-04T16:29:34","guid":{"rendered":"https:\/\/www.europesays.com\/ee\/268617\/"},"modified":"2026-09-04T16:29:34","modified_gmt":"2026-09-04T16:29:34","slug":"hasti-hoitud-saladus-10-nime-kelle-seast-voib-tulla-flora-uus-peatreener-soccernet-ee","status":"publish","type":"post","link":"https:\/\/www.europesays.com\/ee\/268617\/","title":{"rendered":"H\u00e4sti hoitud saladus. 10 nime, kelle seast v\u00f5ib tulla Flora uus peatreener &#8211; Soccernet.ee"},"content":{"rendered":"<p><img decoding=\"async\" src=\"https:\/\/www.europesays.com\/ee\/wp-content\/uploads\/2026\/09\/1788267503.png\" alt=\"Kellest saab j\u00e4rgmine FC Flora peatreener? Algne foto: Katariina Peetson \/ jalgpall.ee\"\/>&#13;\n<\/p>\n<p>Sellest ajast, kui FC Flora otsustas senise peatreeneri Konstantin Vassiljevi vallandada, on m\u00f6\u00f6das juba \u00fcle poole kuu, kuid uut peatreenerit pole klubi veel v\u00e4lja h\u00f5iganud. Kes v\u00f5iks see uus ja salap\u00e4rane inimene olla?<\/p>\n<p>Flora inimesed on seni olnud uue peatreeneri otsingute osas v\u00e4ga kidakeelsed ning l\u00e4bi on k\u00e4inud vaid paar \u00fcksikut infokildu: kindel kandidaat olevat v\u00e4lja vaadatud, kuid tegu on hetkel kuskil mujal ametis oleva treeneriga, mist\u00f5ttu minevat aega, enne kui Flora ta eelmisest ametist &#8220;k\u00e4tte saab&#8221;. Teada pole isegi seda, kas kirbule on v\u00f5etud Eesti v\u00f5i v\u00e4lismaa treener. Siit-sealt on vaid kuulda olnud, et t\u00e4pselt ei ole teada, millal uus inimene paika saab &#8211; v\u00f5imalik, et alles koondisepausi ajal, mis algab 21. septembril. V\u00f5i hoopis uue hooaja alguseks?&#13;\n<\/p>\n<p>\u00dcks paistab aga olevat selge &#8211; Flora soovib endale peatreenerit, kes paneks senisest rohkemat r\u00f5hku noorte m\u00e4ngijate igak\u00fclgsele arendamisele, mitte ainult iga hinna eest tulemuse tegemisele. V\u00e4lismaalt m\u00f5ne Eesti jalgpalli jaoks tundmatu nime toomine on m\u00f5istagi alati variant, kuid teeme siinkohal tiiru peale Eesti turule ja toome antud &#8220;vihjete&#8221; kaudu v\u00e4lja k\u00fcmme pakkumist &#8211; m\u00f5ni neist loogilisem, m\u00f5ni mitte nii v\u00e4ga. Kas j\u00e4rgmine Flora peatreener tuleb nende nimede seast?&#13;\n<\/p>\n<p>Sektsioon 0: kvalifikatsiooninorm \u00fcletamata&#13;\n<\/p>\n<p>Siin on m\u00f5ned treenerid, kes ette antud tingimustele ei vasta. Need on kas hetkel (teadaolevalt) t\u00f6\u00f6ta treenerid v\u00f5i treenerid, kes on juba hetkel Flora s\u00fcsteemis t\u00f6\u00f6l ehk kelle ametialase liigutamisega ei tohiks klubil muret olla.<\/p>\n<p>Karl M\u00f6\u00f6l, Ats Sillaste. Juba praegu Flora esindusmeeskonna juures.<br \/>&#13;<br \/>\nDmitri Kruglov. T\u00f6\u00f6tab Floras noortetreenerina.<br \/>&#13;<br \/>\nThomas H\u00e4berli. Ei ole teadaolevalt p\u00e4rast eelmise aasta augustis Servette&#8217;ist lahkumist treenerina kuskil t\u00f6\u00f6tanud.<br \/>&#13;<br \/>\nVladimir Vassiljev. Vabanes \u00e4sja L\u00e4ti k\u00f5rgliigaklubist Liepaja ning tunnistas, et ei ole Floraga kontaktis olnud.&#13;\n<\/p>\n<p>Sektsioon 1: vanad s\u00f5brad&#13;\n<\/p>\n<p>Treenerid, kes on hiljuti Flora esindusmeeskonna juures t\u00f6\u00f6tanud, kuid kes on praegu ametis mujal.&#13;\n<\/p>\n<p>Joel Indermitte. A-koondise abitreener ja ilmselt hetkel Eesti hinnatuim jalgpallitreener, kes pole veel mitte kunagi Premium liigas peatreenerina t\u00f6\u00f6tanud. Aastatel 2016-2023 Floras esmalt noortetreenerina, siis duubli peatreenerina ning l\u00f5puks kuus edukat hooaega J\u00fcrgen Henni abitreenerina Flora esindustiimis t\u00f6\u00f6tanud 33-aastane Indermitte lahkus klubist, kui uueks lootsiks asus Norbert Hurt, ning leidis m\u00f5ne aja p\u00e4rast uue t\u00f6\u00f6koha A-koondise juures, kus taas\u00fchines Henniga. Enne A-koondisega liitumist oli Indermitte mitu aastat Eesti U18 ja U19 koondise peatreener ning paistis seal silma julge ja v\u00f5rdlemisi eduka m\u00e4ngustiiliga. 2023. aastal tundis tema teenete vastu huvi ka Soome k\u00f5rgliigaklubi Mariehamn, kuid t\u00f6\u00f6vestlusest kaugemale asi ei j\u00f5udnud.&#13;\n<\/p>\n<p><img decoding=\"async\" src=\"https:\/\/www.europesays.com\/ee\/wp-content\/uploads\/2026\/09\/1689589938.jpg\" alt=\"Joel Indermitte ja Sander Post Flora abitreeneritena 2023. aastal asja arutamas. Foto: Brit Maria Tael\"\/>&#13;\n<\/p>\n<p>Sander Post. FC Kuressaare peatreener, endine Flora esindusmeeskonna abitreener, kes t\u00f6\u00f6tas klubis kuni Norbert Hurda lahkumiseni 2024. aasta suvel. Toona ei n\u00e4inud Flora Posti esindusmeeskonna peatreenerina ning 2025. aastat alustas Post juba FC Kuressaare lootsina, kus on seni teinud poolteist \u00fcsna korralikku hooaega, hoides Premium liiga m\u00f5istes v\u00e4ikese eelarve ja v\u00e4ikeste v\u00f5imalustega klubi konkurentsis.&#13;\n<\/p>\n<p>Taavi Viik. P\u00e4rnu Vapruse abitreener, endine Flora esindusmeeskonna peatreeneri kohuset\u00e4itja. 2024. aasta teises pooles Hurda lahkumise j\u00e4rel v\u00f5ttis Floras ohjad \u00fcle Viik, kes taandus seej\u00e4rel uuesti Flora duubeltiimi peatreeneriks, kus ta ka enne Hurda lahkumist t\u00f6\u00f6tas. Seni UEFA Pro-litsentsita Viigi asemel alustaski Flora 2025. aastat Konstantin Vassiljevi juhendamisel. Viik kolis algava hooaja eel P\u00e4rnusse ning on seal tegutsenud Igor Prinsi abitreenerina. Floras hinnatakse kindlasti Viigi talenti, kuid ajastus ei ole seni klappinud.&#13;\n<\/p>\n<p>(J\u00fcrgen Henn ja Arno Pijpers). A-koondise peatreener ja abitreener. Miks peaks Henn soovima koondise juurest tagasi Florasse tulla ning miks peaks Flora, kes ise ei soovinud paar aastat tagasi Henniga j\u00e4tkata, teda \u00fcht\u00e4kki v\u00e4ga tagasi tahtma? Sarnane lugu on ka varem kolmel eri perioodil Florat juhendanud Pijpersiga. Ei tundu loogiline, et Flora just teda endale ihkab ning et 67-aastane Pijpers ka ise just seda t\u00f6\u00f6d taas v\u00e4ga teha sooviks.&#13;\n<\/p>\n<p>Sektsioon 2. Teised Premium liiga klubid&#13;\n<\/p>\n<p>Treenerid, kes on parasjagu ametis m\u00f5ne teise Premium liiga klubi juures (Sander Post ja Taavi Viik olid m\u00e4rgitud juba eelmises sektsioonis). Nende puhul oleks loogiline see, miks l\u00e4heb nende praegusest t\u00f6\u00f6kohast k\u00e4tte saamine keeruliseks &#8211; vaja on praeguse t\u00f6\u00f6andjaga \u00fclemineku osas k\u00f5igile sobivale kokkuleppele j\u00f5uda ja leida loogiline hetk, mil tiimivahetus teha (koondisepaus sobiks selleks h\u00e4sti).\u00a0<\/p>\n<p>Lauri Nuuma. Harju JK Laagri peatreener ja hing, kes on olnud m\u00f5ne pausiga klubi juures selle loomisest saati. Nuuma t\u00f6\u00f6 on olnud v\u00e4ga edukas, sest ta on Harju suutnud korralikku Premium liiga jalgpalli m\u00e4ngima panna paljude l\u00e4bi ja l\u00f5hki klubi oma kasvandikega, on taktikaliselt v\u00e4ga tugev ja on n\u00e4idanud, et suudab m\u00e4ngijaid arendada. Muide, Nuuma on kunagi just Flora noortes\u00fcsteemist jalgpalli juurde j\u00f5udnud.&#13;\n<\/p>\n<p><img decoding=\"async\" src=\"https:\/\/www.europesays.com\/ee\/wp-content\/uploads\/2026\/09\/1785689673.jpg\" alt=\"Lauri Nuuma A. Le Coq Arenal oma meeskonda juhendamas. Foto: Jana Pipar\"\/>&#13;\n<\/p>\n<p>Martin Klasen. N\u00f5mme Unitedi tegevjuht. Klaseni kahjuks r\u00e4\u00e4gib see, et ta ei ole hetkel otseselt treenerina ametis, kuid tema aktiivsest treenerit\u00f6\u00f6st v\u00f5istkonna juures ei ole kaua m\u00f6\u00f6das ning eratreeningute vallas on ta endiselt tegev. Just v\u00e4ga tugeva noorte arendaja ja noortetreenerina endale nime teinud mees, kes on andnud olulise panuse mitmete t\u00e4naste A-koondislaste arengusse.&#13;\n<\/p>\n<p>Karel Voolaid. Tartu Tammeka peatreener. Tammekaga suurep\u00e4rast hooaega tegev Voolaid on varem Flora s\u00fcsteemis noortega tegelenud ning olnud 20 aastat tagasi paar hooaega ka Flora abitreener. Noorte arendamise osas on kogemusi kuhjaga, sest enne A-koondise peatreeneriks saamist 2019. aastal veetis ta seitse aastat erinevate noortekoondiste eesotsas.&#13;\n<\/p>\n<p>Sektsioon 3. Wild card&#8217;id&#13;\n<\/p>\n<p>Treenerid, kes on parasjagu t\u00f6\u00f6l mujal kui meeste klubijalgpallis v\u00f5i Premium liiga tasemel. Ja m\u00f5tleme kohati kastist v\u00e4lja!<\/p>\n<p>Jani Saraj\u00e4rvi. Eesti U21 koondise peatreener ja noortekoondiste juht. Peamine nimi, keda on seni Vassiljevi lahkumise j\u00e4rel Floraga seostatud. V\u00e4ga tugeva teoreetilise p\u00f5hjaga treener, kes on omandanud Lissaboni \u00fclikoolist doktorikraadi ning kes on t\u00f6\u00f6tanud erinevate koondiste juures \u00fcle kogu maailma. Profitasemel peatreenerina kogemust k\u00fcll vaid nelja vooru jagu N\u00f5mme Unitedist 2024. aasta algul, kuid tunneb Eesti jalgpalli v\u00e4ga h\u00e4sti ning v\u00f5iks sobida klubisse, kes soovib fookuse seada just noorm\u00e4ngijate arendamisele. Oma t\u00f6\u00f6s \u00e4\u00e4rmiselt p\u00f5hjalik, \u00f5pib usinalt eesti keelt. Hetkesoosik number \u00fcks. Praegune leping Eesti Jalgpalli Liiduga kehtib aasta l\u00f5puni.&#13;\n<\/p>\n<p><img decoding=\"async\" src=\"https:\/\/www.europesays.com\/ee\/wp-content\/uploads\/2026\/09\/1788269489.jpg\" alt=\"Jani Saraj\u00e4rvi Eesti U21 koondise eesotsas. Foto: Liisi Troska \/ jalgpall.ee\"\/>&#13;\n<\/p>\n<p>Alo B\u00e4rengrub. Tartu Welco peatreener. Welcoga edukat hooaega tegev B\u00e4rengrub on varasemalt t\u00f6\u00f6tanud treenerina \u00fcsna noore koosseisuga Tallinna Kalevis ning Eesti U19 koondises, mille viis 2022. aastal \u00fcllatuslikult valiksarja eliitringi, alistades nii Itaalia kui Bosnia ja Hertsegoviina. Endine Flora m\u00e4ngija.&#13;\n<\/p>\n<p>Aleksandra \u0160evoldajeva. Eesti naiste koondise peatreener. Eesti selgelt hinnatuim naistreener, kes on varasemates intervjuudes j\u00e4tnud ukse lahti ka meeste v\u00f5i poiste jalgpallis t\u00f6\u00f6tamisele. Oleks v\u00e4ga p\u00f5nev &#8220;kastist v\u00e4lja&#8221; l\u00fcke, kuid v\u00e4heusutav, et esimene t\u00f6\u00f6koht meeste v\u00f5i poistega oleks kohe FC Flora meeskonna eeotsas.&#13;\n<\/p>\n<p>Roman Ko\u017euhhovski. JK Noova vanemtreener. Pikki aastaid Premium liiga tiimides t\u00f6\u00f6tanud Ko\u017euhhovski lahkus suve hakul Narva Transist ning leidis t\u00f6\u00f6 Ida-Virumaa jalgpallikoolis Noova. Floraga s\u00f5bralikes suhetes oleva FC Kuressaare ajaloo edukaim juhendaja, kuid t\u00f5en\u00f6oliselt mitte p\u00e4ris sellise profiiliga treener, keda Flora otsib.&#13;<\/p>\n","protected":false},"excerpt":{"rendered":"&#13; Sellest ajast, kui FC Flora otsustas senise peatreeneri Konstantin Vassiljevi vallandada, on m\u00f6\u00f6das juba \u00fcle poole kuu,&hellip;\n","protected":false},"author":2,"featured_media":268618,"comment_status":"","ping_status":"","sticky":false,"template":"","format":"standard","meta":{"footnotes":"","_share_on_mastodon":"0"},"categories":[18],"tags":[9331,1675,1676,37,33,35,34,36,161,163,103900,7305,103901,30899,54132,2823,103902,13389,103841,13391,8008,7303,8158,7306,9644,159,158,42678,1465,3114,7893,30900],"class_list":["post-268617","post","type-post","status-publish","format-standard","has-post-thumbnail","category-sport","tag-aleksandra-sevoldajeva","tag-alo-barengrub","tag-barengrub","tag-ee","tag-eesti","tag-eesti-keel","tag-estonia","tag-estonian","tag-fc-flora","tag-flora","tag-indermitte","tag-jani-sarajarvi","tag-joel-indermitte","tag-karel-voolaid","tag-klasen","tag-konstantin-vassiljev","tag-kosuhhovski","tag-lauri-nuuma","tag-martin-klasen","tag-nuuma","tag-post","tag-roman-kozuhhovski","tag-sander-post","tag-sarajarvi","tag-sevoldajeva","tag-sport","tag-sports","tag-taavi-viik","tag-tallinna-fc-flora","tag-vassiljev","tag-viik","tag-voolaid"],"share_on_mastodon":{"url":"https:\/\/pubeurope.com\/@ee\/117213722733851500","error":""},"_links":{"self":[{"href":"https:\/\/www.europesays.com\/ee\/wp-json\/wp\/v2\/posts\/268617","targetHints":{"allow":["GET"]}}],"collection":[{"href":"https:\/\/www.europesays.com\/ee\/wp-json\/wp\/v2\/posts"}],"about":[{"href":"https:\/\/www.europesays.com\/ee\/wp-json\/wp\/v2\/types\/post"}],"author":[{"embeddable":true,"href":"https:\/\/www.europesays.com\/ee\/wp-json\/wp\/v2\/users\/2"}],"replies":[{"embeddable":true,"href":"https:\/\/www.europesays.com\/ee\/wp-json\/wp\/v2\/comments?post=268617"}],"version-history":[{"count":0,"href":"https:\/\/www.europesays.com\/ee\/wp-json\/wp\/v2\/posts\/268617\/revisions"}],"wp:featuredmedia":[{"embeddable":true,"href":"https:\/\/www.europesays.com\/ee\/wp-json\/wp\/v2\/media\/268618"}],"wp:attachment":[{"href":"https:\/\/www.europesays.com\/ee\/wp-json\/wp\/v2\/media?parent=268617"}],"wp:term":[{"taxonomy":"category","embeddable":true,"href":"https:\/\/www.europesays.com\/ee\/wp-json\/wp\/v2\/categories?post=268617"},{"taxonomy":"post_tag","embeddable":true,"href":"https:\/\/www.europesays.com\/ee\/wp-json\/wp\/v2\/tags?post=268617"}],"curies":[{"name":"wp","href":"https:\/\/api.w.org\/{rel}","templated":true}]}}