{"id":268619,"date":"2026-09-04T16:30:12","date_gmt":"2026-09-04T16:30:12","guid":{"rendered":"https:\/\/www.europesays.com\/ee\/268619\/"},"modified":"2026-09-04T16:30:12","modified_gmt":"2026-09-04T16:30:12","slug":"sojaraport-teet-kalmus-nuud-voib-selgelt-oelda-et-venemaa-armee-suvine-pealetungikampaania-kukkus-labi-2","status":"publish","type":"post","link":"https:\/\/www.europesays.com\/ee\/268619\/","title":{"rendered":"S\u00d5JARAPORT | Teet Kalmus: n\u00fc\u00fcd v\u00f5ib selgelt \u00f6elda, et Venemaa armee suvine pealetungikampaania kukkus l\u00e4bi"},"content":{"rendered":"<p>Ees ootab porine aeg ja lehtede langemine. Venelaste peamine r\u00fcnnakumeetod muutub peagi kasutuks.<\/p>\n<p>Kolmas suvekuu on l\u00e4bi, ning kui v\u00f5rrelda Venemaa r\u00fcndetegevuse tulemusi eelmise suve omadega, siis v\u00f5ib t\u00e4navust suve nende vaatest nimetada l\u00e4bikukkumiseks. Kui v\u00f5tta arvesse Ukraina vastur\u00fcnnakute k\u00e4igus vabastatud territoorium, siis on k\u00fcsitav, kas Venemaa armee kokkuv\u00f5ttes \u00fcldse on suutnud midagi juurde okupeerida. <\/p>\n","protected":false},"excerpt":{"rendered":"Ees ootab porine aeg ja lehtede langemine. Venelaste peamine r\u00fcnnakumeetod muutub peagi kasutuks. Kolmas suvekuu on l\u00e4bi, ning&hellip;\n","protected":false},"author":2,"featured_media":268620,"comment_status":"","ping_status":"","sticky":false,"template":"","format":"standard","meta":{"footnotes":"","_share_on_mastodon":"0"},"categories":[14],"tags":[131,130,37,33,35,34,36,107,2187],"class_list":["post-268619","post","type-post","status-publish","format-standard","has-post-thumbnail","category-ari","tag-ari","tag-business","tag-ee","tag-eesti","tag-eesti-keel","tag-estonia","tag-estonian","tag-soda-ukrainas","tag-sojaraport"],"share_on_mastodon":{"url":"https:\/\/pubeurope.com\/@ee\/117213726469491639","error":""},"_links":{"self":[{"href":"https:\/\/www.europesays.com\/ee\/wp-json\/wp\/v2\/posts\/268619","targetHints":{"allow":["GET"]}}],"collection":[{"href":"https:\/\/www.europesays.com\/ee\/wp-json\/wp\/v2\/posts"}],"about":[{"href":"https:\/\/www.europesays.com\/ee\/wp-json\/wp\/v2\/types\/post"}],"author":[{"embeddable":true,"href":"https:\/\/www.europesays.com\/ee\/wp-json\/wp\/v2\/users\/2"}],"replies":[{"embeddable":true,"href":"https:\/\/www.europesays.com\/ee\/wp-json\/wp\/v2\/comments?post=268619"}],"version-history":[{"count":0,"href":"https:\/\/www.europesays.com\/ee\/wp-json\/wp\/v2\/posts\/268619\/revisions"}],"wp:featuredmedia":[{"embeddable":true,"href":"https:\/\/www.europesays.com\/ee\/wp-json\/wp\/v2\/media\/268620"}],"wp:attachment":[{"href":"https:\/\/www.europesays.com\/ee\/wp-json\/wp\/v2\/media?parent=268619"}],"wp:term":[{"taxonomy":"category","embeddable":true,"href":"https:\/\/www.europesays.com\/ee\/wp-json\/wp\/v2\/categories?post=268619"},{"taxonomy":"post_tag","embeddable":true,"href":"https:\/\/www.europesays.com\/ee\/wp-json\/wp\/v2\/tags?post=268619"}],"curies":[{"name":"wp","href":"https:\/\/api.w.org\/{rel}","templated":true}]}}