{"id":268637,"date":"2026-09-04T16:54:16","date_gmt":"2026-09-04T16:54:16","guid":{"rendered":"https:\/\/www.europesays.com\/ee\/268637\/"},"modified":"2026-09-04T16:54:16","modified_gmt":"2026-09-04T16:54:16","slug":"radek-sikorski-euroopa-ei-saa-kaitsta-venemaad-iseenda-eest-edasi","status":"publish","type":"post","link":"https:\/\/www.europesays.com\/ee\/268637\/","title":{"rendered":"Radek Sikorski: Euroopa ei saa kaitsta Venemaad iseenda eest \u2013 Edasi"},"content":{"rendered":"<p>\t\t\t<img fetchpriority=\"high\" width=\"1024\" height=\"683\" src=\"https:\/\/www.europesays.com\/ee\/wp-content\/uploads\/2026\/09\/GettyImages-2292722977-1024x683.webp\" class=\"attachment-hive-single-image size-hive-single-image wp-post-image\" alt=\"\" decoding=\"async\"   data-attachment-id=\"279281\" data-permalink=\"https:\/\/edasi.org\/279271\/radek-sikorski-euroopa-ei-saa-kaitsta-venemaad-iseenda-eest\/weimar-triangle\/\" data-orig-file=\"https:\/\/edasi.org\/wp-content\/uploads\/2026\/09\/GettyImages-2292722977-scaled.webp\" data-orig-size=\"2048,1365\" data-comments-opened=\"0\" data-image-title=\"Weimar Triangle\" data-image-description=\"\" data-image-caption=\"&lt;p&gt;Radek Sikorski. Foto: Getty Images&lt;\/p&gt;&#10;\" data-large-file=\"https:\/\/www.europesays.com\/ee\/wp-content\/uploads\/2026\/09\/GettyImages-2292722977-1024x683.webp\"\/>\t\t\tRadek Sikorski. Foto: Getty Images\t\t<\/p>\n<p class=\"intro\">Hirm, et Vladimir Putin v\u00f5ib t\u00e4ielikult kontrolli kaotada, on L\u00e4\u00e4nt paral\u00fcseerinud juba liiga kaua, kirjutab Poola v\u00e4lisminister ja asepeaminister Radek Sikorski algselt ajakirjas The Economist ilmunud arvamusloos.<\/p>\n<p>\u201eMaailm on tervem, kuid mitte turvalisem paik,\u201c kirjutas The Economist 1953. aastal p\u00e4rast Josif Stalini surma. See ajaleht ei olnud oma \u00e4revuses \u00fcksi. H\u00e4sti tuntud Vene totalitarism n\u00e4is kuidagi paremini hallatav kui mis iganes tulevik tuua v\u00f5ib. H\u00fcppa seitse aastak\u00fcmmet edasi ja hoiak pole kuigiv\u00f5rd muutunud. \u00dcksk\u00f5ik, mida Kreml teeb, kasutatakse ikka hirmu, et vastupanu korral v\u00f5ib ta teha midagi veelgi hullumeelsemat, argumendina Venemaa n\u00f5udmistele j\u00e4releandmiseks.<\/p>\n<p>\t<a href=\"https:\/\/edasi.org\/edasi-votab-vastu-uusi-lugejaid\/\" aria-label=\"Screenshot\" rel=\"nofollow noopener\" target=\"_blank\"><img loading=\"lazy\" decoding=\"async\" src=\"data:image\/svg+xml,%3Csvg%20xmlns=\" http:=\"\" alt=\"\" data-lazy- data-lazy- class=\"no-lazyload\" width=\"1200\" height=\"628\" data-lazy-src=\"https:\/\/www.europesays.com\/ee\/wp-content\/uploads\/2026\/09\/Edasi-votab-vastu_1200x628_uus.webp\"\/><\/a><\/p>\n","protected":false},"excerpt":{"rendered":"Radek Sikorski. Foto: Getty Images Hirm, et Vladimir Putin v\u00f5ib t\u00e4ielikult kontrolli kaotada, on L\u00e4\u00e4nt paral\u00fcseerinud juba liiga&hellip;\n","protected":false},"author":2,"featured_media":268638,"comment_status":"","ping_status":"","sticky":false,"template":"","format":"standard","meta":{"footnotes":"","_share_on_mastodon":"0"},"categories":[80],"tags":[26,27,424,37,33,35,2922,34,36,31,32,21,10374,28,29,95,19,25,1049,23,24,22,20,5843,96,30,92,93,94],"class_list":["post-268637","post","type-post","status-publish","format-standard","has-post-thumbnail","category-maailm","tag-breaking-news","tag-breakingnews","tag-edasi","tag-ee","tag-eesti","tag-eesti-keel","tag-eestvedamine","tag-estonia","tag-estonian","tag-featured-news","tag-featurednews","tag-headlines","tag-labiraakimised","tag-latest-news","tag-latestnews","tag-maailm","tag-news","tag-populaarseimad-lood","tag-soda","tag-top-stories","tag-topstories","tag-uldised-uudised","tag-uudised","tag-valispoliitika","tag-venemaa","tag-viimased-uudised","tag-world","tag-world-news","tag-worldnews"],"share_on_mastodon":{"url":"https:\/\/pubeurope.com\/@ee\/117213820810779958","error":""},"_links":{"self":[{"href":"https:\/\/www.europesays.com\/ee\/wp-json\/wp\/v2\/posts\/268637","targetHints":{"allow":["GET"]}}],"collection":[{"href":"https:\/\/www.europesays.com\/ee\/wp-json\/wp\/v2\/posts"}],"about":[{"href":"https:\/\/www.europesays.com\/ee\/wp-json\/wp\/v2\/types\/post"}],"author":[{"embeddable":true,"href":"https:\/\/www.europesays.com\/ee\/wp-json\/wp\/v2\/users\/2"}],"replies":[{"embeddable":true,"href":"https:\/\/www.europesays.com\/ee\/wp-json\/wp\/v2\/comments?post=268637"}],"version-history":[{"count":0,"href":"https:\/\/www.europesays.com\/ee\/wp-json\/wp\/v2\/posts\/268637\/revisions"}],"wp:featuredmedia":[{"embeddable":true,"href":"https:\/\/www.europesays.com\/ee\/wp-json\/wp\/v2\/media\/268638"}],"wp:attachment":[{"href":"https:\/\/www.europesays.com\/ee\/wp-json\/wp\/v2\/media?parent=268637"}],"wp:term":[{"taxonomy":"category","embeddable":true,"href":"https:\/\/www.europesays.com\/ee\/wp-json\/wp\/v2\/categories?post=268637"},{"taxonomy":"post_tag","embeddable":true,"href":"https:\/\/www.europesays.com\/ee\/wp-json\/wp\/v2\/tags?post=268637"}],"curies":[{"name":"wp","href":"https:\/\/api.w.org\/{rel}","templated":true}]}}