{"id":268639,"date":"2026-09-04T16:56:10","date_gmt":"2026-09-04T16:56:10","guid":{"rendered":"https:\/\/www.europesays.com\/ee\/268639\/"},"modified":"2026-09-04T16:56:10","modified_gmt":"2026-09-04T16:56:10","slug":"raju-mursujahi-anatoomia-muidugi-olid-riskid-pooled-muujatest-olid-koriloikajad","status":"publish","type":"post","link":"https:\/\/www.europesays.com\/ee\/268639\/","title":{"rendered":"Raju m\u00fcrsujahi anatoomia: \u00abMuidugi olid riskid, pooled m\u00fc\u00fcjatest olid k\u00f5ril\u00f5ikajad\u00bb"},"content":{"rendered":"<p>Eesti k\u00e4is mitme aasta v\u00e4ltel l\u00e4bi maailma eri nurgad \u2013 Keenia slummidest kuni Sri Lankani \u2013, et Ukrainale, aga ka endale moona osta, ehkki m\u00f5ned neist riikidest olid rohkem v\u00f5i v\u00e4hem Venemaa-meelsed. Vahel olid ihu valvamiseks kaasas ka s\u00f5jav\u00e4epolitseinikud \u2013 et maha ei l\u00f6\u00f6daks.<\/p>\n<p>\u00dchelt poolt edulugu Eestile, teisalt l\u00f5ppes riskidest kubisev projekt suure fiaskoga ja viimaks ka ministri tagasiastumisega. Viimasel paaril aastal on see lugu igatahes k\u00e4ngunud.<\/p>\n","protected":false},"excerpt":{"rendered":"Eesti k\u00e4is mitme aasta v\u00e4ltel l\u00e4bi maailma eri nurgad \u2013 Keenia slummidest kuni Sri Lankani \u2013, et Ukrainale,&hellip;\n","protected":false},"author":2,"featured_media":268640,"comment_status":"","ping_status":"","sticky":false,"template":"","format":"standard","meta":{"footnotes":"","_share_on_mastodon":"0"},"categories":[5],"tags":[26,27,103906,37,33,60069,35,30075,34,36,31,32,492,21,103909,2647,103908,17602,103905,28,29,19,25,6425,5360,103907,23,24,103904,22,20,30],"class_list":["post-268639","post","type-post","status-publish","format-standard","has-post-thumbnail","category-uldised-uudised","tag-breaking-news","tag-breakingnews","tag-datasel","tag-ee","tag-eesti","tag-eesti-kaitseministeerium","tag-eesti-keel","tag-elmar-vaher","tag-estonia","tag-estonian","tag-featured-news","tag-featurednews","tag-hanno-pevkur","tag-headlines","tag-india-relvatoostus","tag-kaimo-kuusk","tag-krusik","tag-kusti-salm","tag-laskemoonahangete-skandaal","tag-latest-news","tag-latestnews","tag-news","tag-populaarseimad-lood","tag-riigi-kaitseinvesteeringute-keskus","tag-rkik","tag-serbia-kaitsetoostus","tag-top-stories","tag-topstories","tag-ukraina-sojaabi","tag-uldised-uudised","tag-uudised","tag-viimased-uudised"],"share_on_mastodon":{"url":"","error":"Validation failed: Text character limit of 500 exceeded"},"_links":{"self":[{"href":"https:\/\/www.europesays.com\/ee\/wp-json\/wp\/v2\/posts\/268639","targetHints":{"allow":["GET"]}}],"collection":[{"href":"https:\/\/www.europesays.com\/ee\/wp-json\/wp\/v2\/posts"}],"about":[{"href":"https:\/\/www.europesays.com\/ee\/wp-json\/wp\/v2\/types\/post"}],"author":[{"embeddable":true,"href":"https:\/\/www.europesays.com\/ee\/wp-json\/wp\/v2\/users\/2"}],"replies":[{"embeddable":true,"href":"https:\/\/www.europesays.com\/ee\/wp-json\/wp\/v2\/comments?post=268639"}],"version-history":[{"count":0,"href":"https:\/\/www.europesays.com\/ee\/wp-json\/wp\/v2\/posts\/268639\/revisions"}],"wp:featuredmedia":[{"embeddable":true,"href":"https:\/\/www.europesays.com\/ee\/wp-json\/wp\/v2\/media\/268640"}],"wp:attachment":[{"href":"https:\/\/www.europesays.com\/ee\/wp-json\/wp\/v2\/media?parent=268639"}],"wp:term":[{"taxonomy":"category","embeddable":true,"href":"https:\/\/www.europesays.com\/ee\/wp-json\/wp\/v2\/categories?post=268639"},{"taxonomy":"post_tag","embeddable":true,"href":"https:\/\/www.europesays.com\/ee\/wp-json\/wp\/v2\/tags?post=268639"}],"curies":[{"name":"wp","href":"https:\/\/api.w.org\/{rel}","templated":true}]}}