{"id":268651,"date":"2026-09-04T17:27:07","date_gmt":"2026-09-04T17:27:07","guid":{"rendered":"https:\/\/www.europesays.com\/ee\/268651\/"},"modified":"2026-09-04T17:27:07","modified_gmt":"2026-09-04T17:27:07","slug":"saksamaal-toimus-nadala-jooksul-kolmas-sabotaazikatse-elektrivorgule-valismaa","status":"publish","type":"post","link":"https:\/\/www.europesays.com\/ee\/268651\/","title":{"rendered":"Saksamaal toimus n\u00e4dala jooksul kolmas sabotaa\u017eikatse elektriv\u00f5rgule | V\u00e4lismaa"},"content":{"rendered":"<p>L\u00e4\u00e4ne-Saksamaal D\u00fcsseldorfi l\u00e4histel asuvate k\u00f5rgepingeliinide ja alajaama juurest leiti l\u00f5hkeseadeldised, teatas reedel energiaettev\u00f5te RWE. Juhtumi t\u00f5ttu t\u00f5stis riik ohutaset, kuna tegemist on juba kolmanda arvatava sabotaa\u017eikatsega sel n\u00e4dalal, vahendas Reuters.<\/p>\n<p>Elektrijaama operaatori teatel on nende t\u00fctarettev\u00f5te RWE Power tihedas koost\u00f6\u00f6s v\u00f5rguoperaatori Amprioni ja ametiv\u00f5imudega turvameetmeid tugevdanud. Vahejuhtumid ei ole ettev\u00f5tte igap\u00e4evat\u00f6\u00f6d h\u00e4irinud.<\/p>\n<p>Kriitilise taristu haavatavus on sel n\u00e4dalal tekitanud Euroopas laialdast muret just Saksamaa n\u00e4itel, kus p\u00fchap\u00e4eval toimuvad pingelised valimised idapoolsel Saksi-Anhalti liidumaal.\u00a0<\/p>\n<p>Arvamusk\u00fcsitlustes juhib \u00fclekaalukalt parempopulistlik ja Venemaa-meelne erakond Alternatiiv Saksamaale (AfD).<\/p>\n<p>Saksamaa siseministeeriumi teatel ei ole juhus, et sellised h\u00fcbriidr\u00fcnnakud toimuvad vahetult enne valimisi.<\/p>\n<p>Ajalehe Bild ja teiste meediav\u00e4ljaannete teatel sarnanesid D\u00fcsseldorfist l\u00f5unas asuvast Dormagenist leitud seadeldised nendega, mis avastati varem l\u00e4hedal asuvast Bergheimi alajaamast. Seal heideti elektriliinidele esemeid, et tekitada v\u00f5rgutaristus l\u00fchis.\u00a0<\/p>\n<p>Bergheimi intsidendi t\u00f5ttu l\u00fclitus teisip\u00e4eval v\u00e4lja 4200 megavatti tootmisv\u00f5imsust, kuid elektrikatkestusi see kaasa ei toonud.<\/p>\n<p>Siseminister kahtlustab sabotaa\u017eikatsete taga kliima\u00e4\u00e4rmuslust<\/p>\n<p>Saksamaa v\u00f5imude hinnangul on riigi elektriv\u00f5rgu vastu suunatud hiljutiste sabotaa\u017eiaktide taga radikaalne kliimaaktivist. Praegu otsitakse 48-aastast kahtlusalust.<\/p>\n<p>&#8220;Eeldame, et tegemist on kliima\u00e4\u00e4rmuslusega,&#8221; \u00fctles siseminister Alexander Dobrindt reedel, kui ametiv\u00f5imud kinnitasid, et L\u00e4\u00e4ne-Saksamaal Nordrhein-Westfaleni (NRW) liidumaal Gevelsbergis asuvast kahtlusaluse korterist leiti l\u00f5hkeainej\u00e4lgi.<\/p>\n<p>Teisip\u00e4eval korraldasid tundmatud isikud sabotaa\u017eiakte NRW ja kirdepoolsel Brandenburgi liidumaal asuvate elektrijaamade vastu.<\/p>\n<p>Nordrhein-Westfaleni liidumaa peaministri Herbert Reuli s\u00f5nul saadeti julgeolekuametnikele ja ajakirjanikele kirju, milles v\u00f5eti osa tegude eest vastutus. Need kirjad sisaldasid plaanide kohta t\u00e4pseid \u00fcksikasju ning neis nimetab autor oma motiiviks v\u00f5itlust fossiilk\u00fctuste vastu.<\/p>\n<p>Liitlased avaldasid Saksamaale toetust p\u00e4rast seda, kui riik s\u00fc\u00fcdistas Moskvat augustis Leipzigi\/Halle lennujaamas toimunud droonir\u00fcnnakus. Seda n\u00e4hakse osana h\u00fcbriids\u00f5jast, mille eesm\u00e4rk on hirmutada ja l\u00f5hestada riike, mis on toetanud Ukrainat alates Venemaa t\u00e4iemahulisest sissetungist 2022. aastal. Venemaa on s\u00fc\u00fcdistused tagasi l\u00fckanud.<\/p>\n<p>Kantsler Friedrich Merzi pressiesindaja s\u00f5nul n\u00e4itab nurjatud v\u00f5i eba\u00f5nnestunud r\u00fcnnakute arv seda, kuidas riigi turvameetmed toimivad.<\/p>\n<p>Sel n\u00e4dalal toimunud teises sabotaa\u017eiaktis kahjustati elektrit juhtiva materjaliga seadeldiste abil elektriliine Brandenburgi liidumaal, mis on \u00fcks piirkonna olulisimaid k\u00f5rgepinges\u00f5lmi.<\/p>\n<p>Lisaks avastas politsei reede \u00f6\u00f6sel kell kolm Bremeni l\u00e4hedal Ganderkesees, et \u00fche alajaama juhtimiskeskuse uks oli lahti murtud. Piirkond otsiti l\u00e4bi kopteri ja teenistuskoertega.\u00a0<\/p>\n<p>Politsei teatel rajatis kahjustada ei saanud ja \u00fchtegi kahtlusalust ei tabatud, kuid juhtumi uurimine j\u00e4tkub.<\/p>\n","protected":false},"excerpt":{"rendered":"L\u00e4\u00e4ne-Saksamaal D\u00fcsseldorfi l\u00e4histel asuvate k\u00f5rgepingeliinide ja alajaama juurest leiti l\u00f5hkeseadeldised, teatas reedel energiaettev\u00f5te RWE. Juhtumi t\u00f5ttu t\u00f5stis riik&hellip;\n","protected":false},"author":2,"featured_media":268652,"comment_status":"","ping_status":"","sticky":false,"template":"","format":"standard","meta":{"footnotes":"","_share_on_mastodon":"0"},"categories":[80],"tags":[12512,27031,103911,26,27,29022,37,33,35,34,36,31,32,21,27445,28,29,95,19,25,4344,51,23,24,22,20,30,92,93,94],"class_list":["post-268651","post","type-post","status-publish","format-standard","has-post-thumbnail","category-maailm","tag-afd","tag-alternatiiv-saksamaale","tag-bergheim","tag-breaking-news","tag-breakingnews","tag-dusseldorf","tag-ee","tag-eesti","tag-eesti-keel","tag-estonia","tag-estonian","tag-featured-news","tag-featurednews","tag-headlines","tag-kliimaaktivist","tag-latest-news","tag-latestnews","tag-maailm","tag-news","tag-populaarseimad-lood","tag-sabotaaz","tag-saksamaa","tag-top-stories","tag-topstories","tag-uldised-uudised","tag-uudised","tag-viimased-uudised","tag-world","tag-world-news","tag-worldnews"],"share_on_mastodon":{"url":"https:\/\/pubeurope.com\/@ee\/117213950570039911","error":""},"_links":{"self":[{"href":"https:\/\/www.europesays.com\/ee\/wp-json\/wp\/v2\/posts\/268651","targetHints":{"allow":["GET"]}}],"collection":[{"href":"https:\/\/www.europesays.com\/ee\/wp-json\/wp\/v2\/posts"}],"about":[{"href":"https:\/\/www.europesays.com\/ee\/wp-json\/wp\/v2\/types\/post"}],"author":[{"embeddable":true,"href":"https:\/\/www.europesays.com\/ee\/wp-json\/wp\/v2\/users\/2"}],"replies":[{"embeddable":true,"href":"https:\/\/www.europesays.com\/ee\/wp-json\/wp\/v2\/comments?post=268651"}],"version-history":[{"count":0,"href":"https:\/\/www.europesays.com\/ee\/wp-json\/wp\/v2\/posts\/268651\/revisions"}],"wp:featuredmedia":[{"embeddable":true,"href":"https:\/\/www.europesays.com\/ee\/wp-json\/wp\/v2\/media\/268652"}],"wp:attachment":[{"href":"https:\/\/www.europesays.com\/ee\/wp-json\/wp\/v2\/media?parent=268651"}],"wp:term":[{"taxonomy":"category","embeddable":true,"href":"https:\/\/www.europesays.com\/ee\/wp-json\/wp\/v2\/categories?post=268651"},{"taxonomy":"post_tag","embeddable":true,"href":"https:\/\/www.europesays.com\/ee\/wp-json\/wp\/v2\/tags?post=268651"}],"curies":[{"name":"wp","href":"https:\/\/api.w.org\/{rel}","templated":true}]}}