{"id":268661,"date":"2026-09-04T17:49:12","date_gmt":"2026-09-04T17:49:12","guid":{"rendered":"https:\/\/www.europesays.com\/ee\/268661\/"},"modified":"2026-09-04T17:49:12","modified_gmt":"2026-09-04T17:49:12","slug":"politico-kallas-seisab-vastu-katsele-karpida-tema-juhitavat-el-i-valisteenistust","status":"publish","type":"post","link":"https:\/\/www.europesays.com\/ee\/268661\/","title":{"rendered":"Politico: Kallas seisab vastu katsele k\u00e4rpida tema juhitavat EL-i v\u00e4listeenistust"},"content":{"rendered":"<p>Ettepaneku kohaselt saaks Kallas ulatuslikud volitused <a rel=\"noopener nofollow\" target=\"_blank\" href=\"https:\/\/www.delfi.ee\/teema\/24756739\/euroopa-komisjon\" tag-id=\"24756739\">Euroopa Komisjoni<\/a> v\u00e4lispoliitika \u00fcksuste koordineerimiseks. \u00dchtlasi viidaks osa EEAS-i t\u00f6\u00f6tajatest ja funktsioonidest \u00fcle Komisjoni alla.<\/p>\n<p>K\u00f5rge v\u00e4lisesindajana on Kallas samal ajal nii Komisjoni asepresident kui ka 27 liikmesriigi v\u00e4lispoliitika koordinaator. Plaan n\u00e4eb k\u00fcll ette k\u00f5rge v\u00e4lisesindaja rolli tugevdamist, kuid Kallase liitlased on mures, et see v\u00f5ib anda Komisjonile suurema kontrolli v\u00e4lispoliitika \u00fcle. <\/p>\n<p>Osana sammudest ettepaneku vastu saatis Kallas EL-i valitsustele l\u00fchikese k\u00fcsimustiku nende arvamuse teadasaamiseks. P\u00e4rast liidu v\u00e4lisministrite kohtumist antud kommentaarides n\u00f5ustus Kallas eesm\u00e4rgiga muuta v\u00e4lispoliitika kiiremini toimivaks ja suutlikumaks kaitsta liidu huve.<\/p>\n<p>Kallase s\u00f5nul oleks aga suurte reformide asemel lahenduseks EL-i lepingute ja \u00f5igusaktide parem j\u00f5ustamine, mis teoreetiliselt tagaksid talle juba praegu j\u00e4relevalve\u00f5iguse komisjoni v\u00e4lisasjadega tegelevate osakondade \u00fcle.<\/p>\n<p>\u201eProbleem ei ole aluslepingutes ega institutsionaalses \u00fclesehituses. Probleem on elluviimises,\u201c \u00fctles Kallas, m\u00e4rkides, et enamik saadikuid toetas EEAS-i praegust institutsioonilist \u00fclesehitust. \u201eKui minust k\u00f5rgemal on keegi, kes tegelikult otsuseid langetab, siis see ei toimi,\u201c lisas ta.<\/p>\n<p>Kampaania osana alustas EEAS-i uus peasekret\u00e4r Kajsa Ollongren ringreisi Euroopa pealinnades, et arutada valitsustega reformiettepanekuid. EEAS-i t\u00f6\u00f6tajad peaksid saama ringreisi tulemustest teada sel n\u00e4dalal toimuval kohtumisel, \u00fctlesid allikad.<\/p>\n<p>Nad lisasid, et Ollongren peaks tegema ka ettepaneku luua t\u00f6\u00f6r\u00fchm, mis kaaluks v\u00f5imalikke sisemisi reforme. Sammu eesm\u00e4rk on anda EEAS-ile suurem kontroll reformidebati \u00fcle, mis v\u00f5ib m\u00e4\u00e4rata selle edasise saatuse.<\/p>\n<p>V\u00f5itlus EL-is leiab aset keset kriitikat, et EEAS ei suuda enam oma \u00fclesandeid t\u00e4ita. Rahulolematuse taga on suurte kriiside k\u00e4sitlemine, sealhulgas Venemaa s\u00f5da Ukraina vastu, Donald Trumpi n\u00f5udmised Euroopale, L\u00e4his-Ida konflikt ja \u00fcha teravamad suhted Hiinaga.<\/p>\n<p>Kuidas see lugu Sind end tundma pani?Saada<a href=\"https:\/\/www.delfi.ee\/artikkel\/120608522\/politico-kallas-seisab-vastu-katsele-karpida-tema-juhitavat-el-i-valisteenistust\/kommentaarid\" class=\"button button--primary button--size-auto article-body-bottom__comment article-body-bottom__comment--write\" style=\"\" rel=\"nofollow noopener\" target=\"_blank\">Kommenteeri<\/a><a href=\"https:\/\/www.delfi.ee\/artikkel\/120608522\/politico-kallas-seisab-vastu-katsele-karpida-tema-juhitavat-el-i-valisteenistust\/kommentaarid\" class=\"button button--size-auto article-body-bottom__comment article-body-bottom__comment--read\" style=\"\" rel=\"nofollow noopener\" target=\"_blank\">Loe kommentaare (8)<\/a><\/p>\n","protected":false},"excerpt":{"rendered":"Ettepaneku kohaselt saaks Kallas ulatuslikud volitused Euroopa Komisjoni v\u00e4lispoliitika \u00fcksuste koordineerimiseks. \u00dchtlasi viidaks osa EEAS-i t\u00f6\u00f6tajatest ja funktsioonidest&hellip;\n","protected":false},"author":2,"featured_media":268662,"comment_status":"","ping_status":"","sticky":false,"template":"","format":"standard","meta":{"footnotes":"","_share_on_mastodon":"0"},"categories":[80],"tags":[26,27,37,33,35,34,36,2337,18888,31,32,21,1639,28,29,95,19,25,52,51,23,24,22,20,30,92,93,94],"class_list":["post-268661","post","type-post","status-publish","format-standard","has-post-thumbnail","category-maailm","tag-breaking-news","tag-breakingnews","tag-ee","tag-eesti","tag-eesti-keel","tag-estonia","tag-estonian","tag-euroopa-komisjon","tag-euroopa-valisteenistus","tag-featured-news","tag-featurednews","tag-headlines","tag-kaja-kallas","tag-latest-news","tag-latestnews","tag-maailm","tag-news","tag-populaarseimad-lood","tag-prantsusmaa","tag-saksamaa","tag-top-stories","tag-topstories","tag-uldised-uudised","tag-uudised","tag-viimased-uudised","tag-world","tag-world-news","tag-worldnews"],"share_on_mastodon":{"url":"https:\/\/pubeurope.com\/@ee\/117214037133334791","error":""},"_links":{"self":[{"href":"https:\/\/www.europesays.com\/ee\/wp-json\/wp\/v2\/posts\/268661","targetHints":{"allow":["GET"]}}],"collection":[{"href":"https:\/\/www.europesays.com\/ee\/wp-json\/wp\/v2\/posts"}],"about":[{"href":"https:\/\/www.europesays.com\/ee\/wp-json\/wp\/v2\/types\/post"}],"author":[{"embeddable":true,"href":"https:\/\/www.europesays.com\/ee\/wp-json\/wp\/v2\/users\/2"}],"replies":[{"embeddable":true,"href":"https:\/\/www.europesays.com\/ee\/wp-json\/wp\/v2\/comments?post=268661"}],"version-history":[{"count":0,"href":"https:\/\/www.europesays.com\/ee\/wp-json\/wp\/v2\/posts\/268661\/revisions"}],"wp:featuredmedia":[{"embeddable":true,"href":"https:\/\/www.europesays.com\/ee\/wp-json\/wp\/v2\/media\/268662"}],"wp:attachment":[{"href":"https:\/\/www.europesays.com\/ee\/wp-json\/wp\/v2\/media?parent=268661"}],"wp:term":[{"taxonomy":"category","embeddable":true,"href":"https:\/\/www.europesays.com\/ee\/wp-json\/wp\/v2\/categories?post=268661"},{"taxonomy":"post_tag","embeddable":true,"href":"https:\/\/www.europesays.com\/ee\/wp-json\/wp\/v2\/tags?post=268661"}],"curies":[{"name":"wp","href":"https:\/\/api.w.org\/{rel}","templated":true}]}}