{"id":268679,"date":"2026-09-04T18:10:25","date_gmt":"2026-09-04T18:10:25","guid":{"rendered":"https:\/\/www.europesays.com\/ee\/268679\/"},"modified":"2026-09-04T18:10:25","modified_gmt":"2026-09-04T18:10:25","slug":"toostusettevotete-tootmine-hakkas-juulis-kasvama","status":"publish","type":"post","link":"https:\/\/www.europesays.com\/ee\/268679\/","title":{"rendered":"T\u00f6\u00f6stusettev\u00f5tete tootmine hakkas juulis kasvama"},"content":{"rendered":"<p>Statistikaameti andmetel tootsid t\u00f6\u00f6stusettev\u00f5tted 2026. aasta juulis p\u00fcsivhindades 2,3 protsenti rohkem toodangut kui eelmisel aastal samal ajal. Tootmine suurenes k\u00f5igis kolmes t\u00f6\u00f6stuse sektoris: m\u00e4et\u00f6\u00f6stuses 13,5 protsenti, energeetikas 16 protsenti ja t\u00f6\u00f6tlevas t\u00f6\u00f6stuses 1,1 protsenti.<\/p>\n<p>Statistikaameti juhtivanal\u00fc\u00fctiku Riin Kadariku s\u00f5nul hakkas juulis t\u00f6\u00f6tleva t\u00f6\u00f6stuse tootmine p\u00e4rast viie kuu pikkust v\u00e4henemist taas kasvama.<\/p>\n","protected":false},"excerpt":{"rendered":"Statistikaameti andmetel tootsid t\u00f6\u00f6stusettev\u00f5tted 2026. aasta juulis p\u00fcsivhindades 2,3 protsenti rohkem toodangut kui eelmisel aastal samal ajal. Tootmine&hellip;\n","protected":false},"author":2,"featured_media":268680,"comment_status":"","ping_status":"","sticky":false,"template":"","format":"standard","meta":{"footnotes":"","_share_on_mastodon":"0"},"categories":[14],"tags":[131,103921,130,37,33,35,1850,82691,1849,34,36,18103,7561,103922,103918,103920,103919,3434,2060,8352],"class_list":["post-268679","post","type-post","status-publish","format-standard","has-post-thumbnail","category-ari","tag-ari","tag-arvutite-ja-elektroonikaseadmete-tootmine","tag-business","tag-ee","tag-eesti","tag-eesti-keel","tag-eksport","tag-elektriseadmete-tootmine","tag-energeetika","tag-estonia","tag-estonian","tag-maetoostus","tag-masinatoostus","tag-metalltoodete-tootmine","tag-puidutootlemine","tag-tahkekutus","tag-taimne-biomass","tag-toiduainetoostus","tag-toostustoodang","tag-tootlev-toostus"],"share_on_mastodon":{"url":"https:\/\/pubeurope.com\/@ee\/117214119621926254","error":""},"_links":{"self":[{"href":"https:\/\/www.europesays.com\/ee\/wp-json\/wp\/v2\/posts\/268679","targetHints":{"allow":["GET"]}}],"collection":[{"href":"https:\/\/www.europesays.com\/ee\/wp-json\/wp\/v2\/posts"}],"about":[{"href":"https:\/\/www.europesays.com\/ee\/wp-json\/wp\/v2\/types\/post"}],"author":[{"embeddable":true,"href":"https:\/\/www.europesays.com\/ee\/wp-json\/wp\/v2\/users\/2"}],"replies":[{"embeddable":true,"href":"https:\/\/www.europesays.com\/ee\/wp-json\/wp\/v2\/comments?post=268679"}],"version-history":[{"count":0,"href":"https:\/\/www.europesays.com\/ee\/wp-json\/wp\/v2\/posts\/268679\/revisions"}],"wp:featuredmedia":[{"embeddable":true,"href":"https:\/\/www.europesays.com\/ee\/wp-json\/wp\/v2\/media\/268680"}],"wp:attachment":[{"href":"https:\/\/www.europesays.com\/ee\/wp-json\/wp\/v2\/media?parent=268679"}],"wp:term":[{"taxonomy":"category","embeddable":true,"href":"https:\/\/www.europesays.com\/ee\/wp-json\/wp\/v2\/categories?post=268679"},{"taxonomy":"post_tag","embeddable":true,"href":"https:\/\/www.europesays.com\/ee\/wp-json\/wp\/v2\/tags?post=268679"}],"curies":[{"name":"wp","href":"https:\/\/api.w.org\/{rel}","templated":true}]}}