{"id":268687,"date":"2026-09-04T18:22:37","date_gmt":"2026-09-04T18:22:37","guid":{"rendered":"https:\/\/www.europesays.com\/ee\/268687\/"},"modified":"2026-09-04T18:22:37","modified_gmt":"2026-09-04T18:22:37","slug":"saksi-anhalti-valimised-seavad-cdu-keerulise-valiku-ette-valismaa","status":"publish","type":"post","link":"https:\/\/www.europesays.com\/ee\/268687\/","title":{"rendered":"Saksi-Anhalti valimised seavad CDU keerulise valiku ette | V\u00e4lismaa"},"content":{"rendered":"<p>Saksi-Anhalti liidumaa valimistel v\u00f5ib tekkida olukord, kus konservatiivne CDU peab parempopulistide v\u00f5imuletuleku takistamiseks tegema koost\u00f6\u00f6d vasakpopulistliku Die Linkega. Samas kohalik CDU piirkonna\u00fchendus v\u00e4listas v\u00e4hemusvalitsuse, mis s\u00f5ltuks vasakpopulistide toetusest.<\/p>\n<p>CDU Harzi piirkonna\u00fchendus tegi ettepaneku v\u00e4listada v\u00e4hemusvalitsus, mis s\u00f5ltuks Die Linke toetusest. Selle ettepaneku kaasautoriks on Saksi-Anhalti liidumaa parlamendisaadik Alexander R\u00e4uscher.\u00a0<\/p>\n<p>Ettepaneku taga on mure, et koost\u00f6\u00f6 vasakpopulistidega annaks AfD-le t\u00e4iendavat laskemoona CDU r\u00fcndamiseks. Samas on CDU juhtkond end sellest algatusest distantseerunud ning liidumaa peaministrikandidaat Sven Schulze nimetas seda \u00fche parteiliikme isiklikuks seisukohaks.<\/p>\n<p>&#8220;Selles k\u00fcsimuses pole otsust tehtud ja see ei tule l\u00e4hip\u00e4evil arutluse alla,&#8221; r\u00e4\u00e4kis Schulze.\u00a0<\/p>\n<p>R\u00e4uscher r\u00e4\u00e4kis samas, et CDU peaks v\u00e4listama koost\u00f6\u00f6 nii AfD kui ka Die Linkega. Selliste punaste joonte t\u00f5mbamine v\u00f5ib aga olukorra muuta veelgi keerulisemaks.\u00a0<\/p>\n<p>K\u00fcsitlused viitavad, et AfD v\u00f5ib koguda ligi 42 protsenti h\u00e4\u00e4ltest, samas kui CDU toetus j\u00e4\u00e4b umbes 22 protsendi juurde. Valimisk\u00fcnnise \u00fcletab ka Die Linke, mis t\u00e4hendab, et populistlikud erakonnad v\u00f5ivad saavutada parlamendis enamuse. Kui AfD vastased ei koondu \u00fchise peaministrikandidaadi taha, v\u00f5ib tekkida olukord, kus parempopulistide kandidaat saab peaministriks.<\/p>\n<p>Saksamaa kantsler Friedrich Merz on v\u00e4listanud ametliku koalitsiooni vasakpopulistidega, kuid j\u00e4ttis avatuks v\u00f5imaluse, et peavooluparteidest koosnev v\u00e4hemusvalitsus v\u00f5ib teatud k\u00fcsimustes enamuse saavutamiseks otsida Die Linke toetust.\u00a0<\/p>\n","protected":false},"excerpt":{"rendered":"Saksi-Anhalti liidumaa valimistel v\u00f5ib tekkida olukord, kus konservatiivne CDU peab parempopulistide v\u00f5imuletuleku takistamiseks tegema koost\u00f6\u00f6d vasakpopulistliku Die Linkega.&hellip;\n","protected":false},"author":2,"featured_media":268688,"comment_status":"","ping_status":"","sticky":false,"template":"","format":"standard","meta":{"footnotes":"","_share_on_mastodon":"0"},"categories":[80],"tags":[26,27,37,33,35,34,36,31,32,21,28,29,57799,95,19,25,51,77899,23,24,22,20,670,30,92,93,94],"class_list":["post-268687","post","type-post","status-publish","format-standard","has-post-thumbnail","category-maailm","tag-breaking-news","tag-breakingnews","tag-ee","tag-eesti","tag-eesti-keel","tag-estonia","tag-estonian","tag-featured-news","tag-featurednews","tag-headlines","tag-latest-news","tag-latestnews","tag-liidumaa","tag-maailm","tag-news","tag-populaarseimad-lood","tag-saksamaa","tag-saksi-anhalt","tag-top-stories","tag-topstories","tag-uldised-uudised","tag-uudised","tag-valimised","tag-viimased-uudised","tag-world","tag-world-news","tag-worldnews"],"share_on_mastodon":{"url":"https:\/\/pubeurope.com\/@ee\/117214166567042413","error":""},"_links":{"self":[{"href":"https:\/\/www.europesays.com\/ee\/wp-json\/wp\/v2\/posts\/268687","targetHints":{"allow":["GET"]}}],"collection":[{"href":"https:\/\/www.europesays.com\/ee\/wp-json\/wp\/v2\/posts"}],"about":[{"href":"https:\/\/www.europesays.com\/ee\/wp-json\/wp\/v2\/types\/post"}],"author":[{"embeddable":true,"href":"https:\/\/www.europesays.com\/ee\/wp-json\/wp\/v2\/users\/2"}],"replies":[{"embeddable":true,"href":"https:\/\/www.europesays.com\/ee\/wp-json\/wp\/v2\/comments?post=268687"}],"version-history":[{"count":0,"href":"https:\/\/www.europesays.com\/ee\/wp-json\/wp\/v2\/posts\/268687\/revisions"}],"wp:featuredmedia":[{"embeddable":true,"href":"https:\/\/www.europesays.com\/ee\/wp-json\/wp\/v2\/media\/268688"}],"wp:attachment":[{"href":"https:\/\/www.europesays.com\/ee\/wp-json\/wp\/v2\/media?parent=268687"}],"wp:term":[{"taxonomy":"category","embeddable":true,"href":"https:\/\/www.europesays.com\/ee\/wp-json\/wp\/v2\/categories?post=268687"},{"taxonomy":"post_tag","embeddable":true,"href":"https:\/\/www.europesays.com\/ee\/wp-json\/wp\/v2\/tags?post=268687"}],"curies":[{"name":"wp","href":"https:\/\/api.w.org\/{rel}","templated":true}]}}