{"id":268699,"date":"2026-09-04T18:45:08","date_gmt":"2026-09-04T18:45:08","guid":{"rendered":"https:\/\/www.europesays.com\/ee\/268699\/"},"modified":"2026-09-04T18:45:08","modified_gmt":"2026-09-04T18:45:08","slug":"eesti-200-ministrid-ootavad-et-reformierakond-uue-kaitseministri-leiaks","status":"publish","type":"post","link":"https:\/\/www.europesays.com\/ee\/268699\/","title":{"rendered":"Eesti 200 ministrid ootavad, et Reformierakond uue kaitseministri leiaks"},"content":{"rendered":"<p>Kaitseminister Hanno Pevkur teatas kolmap\u00e4eva \u00f5htul oma tagasiastumisest ning n\u00fc\u00fcd peab Reformierakond eesotsas Kristen Michaliga talle asenduse leidma. T\u00e4na \u00fctles endine kaitsev\u00e4e juhataja Martin Herem, et Michal on sel teemal tema poole p\u00f6\u00f6rdunud.<\/p>\n<p>V\u00e4lisminister Margus Tsahkna \u00fctles, et peaminister ja Reformierakond peavad leidma kaitseministri. \u201eKui uus kaitseminister on inimene, kes on kaitsevaldkonnaga l\u00e4bi ja l\u00f5hki seotud olnud ja teab sellest, siis see on v\u00e4ga t\u00e4htis. Ma ei kommenteeri, kas see on Herem v\u00f5i keegi teine, aga igal juhul peab olema see uus kaitseminister inimene, kes eelk\u00f5ige Eesti inimeste silmis taastab usalduse ja teiseks ikkagi paneb paika selle, et maksumaksjad ja Eesti inimesed saavad aru, mis Eesti kaitses toimub. Et k\u00f5ik oleks tehtud korda.\u201c<\/p>\n<p>Justiits- ja digiminister Liisa Pakosta \u00fctles Delfile, et talle Herem v\u00e4ga meeldib, kuid Reformierakond tegeleb kaitseministri otsimisega ise. \u201eMina pean v\u00e4ga lugu sellest, et teised ei tegele sellega.\u201c <\/p>\n<p class=\"Paragraph SCXW155361329 BCX0\">Haridus- ja teadusminister Kristina Kallas \u00fctles, et ei taha arutada h\u00fcpoteetiliste kaitseministri kandidaatide \u00fcle, vaid oodata \u00e4ra kuni isik on kindel. \u201eMitte, et ma Martin Heremist halvasti arvan, vaid ma lihtsalt ei arva, et me peaks erinevaid inimesi siin praegu l\u00e4bi k\u00e4ima. Peaminister peab leidma inimese, tegema ettepaneku ja siis on see koht, kus koalitsioonipartner p\u00e4riselt saab teada, keda kaitseministri kandidaadiks peetakse.\u201c <\/p>\n<p>Kuidas see lugu Sind end tundma pani?Saada<a href=\"https:\/\/www.delfi.ee\/artikkel\/120608510\/eesti-200-ministrid-ootavad-et-reformierakond-uue-kaitseministri-leiaks\/kommentaarid\" class=\"button button--primary button--size-auto article-body-bottom__comment article-body-bottom__comment--write\" style=\"\" rel=\"nofollow noopener\" target=\"_blank\">Kommenteeri<\/a><a href=\"https:\/\/www.delfi.ee\/artikkel\/120608510\/eesti-200-ministrid-ootavad-et-reformierakond-uue-kaitseministri-leiaks\/kommentaarid\" class=\"button button--size-auto article-body-bottom__comment article-body-bottom__comment--read\" style=\"\" rel=\"nofollow noopener\" target=\"_blank\">Loe kommentaare (56)<\/a><\/p>\n","protected":false},"excerpt":{"rendered":"Kaitseminister Hanno Pevkur teatas kolmap\u00e4eva \u00f5htul oma tagasiastumisest ning n\u00fc\u00fcd peab Reformierakond eesotsas Kristen Michaliga talle asenduse leidma.&hellip;\n","protected":false},"author":2,"featured_media":268700,"comment_status":"","ping_status":"","sticky":false,"template":"","format":"standard","meta":{"footnotes":"","_share_on_mastodon":"0"},"categories":[12],"tags":[687,679,667,26,27,673,688,663,662,37,33,35,684,683,692,34,36,31,32,208,148,21,206,668,669,381,686,677,694,691,339,680,28,29,671,672,377,690,144,678,665,19,693,676,666,25,322,664,150,695,685,159,394,682,674,675,23,24,689,222,22,20,670,681,149,30],"class_list":["post-268699","post","type-post","status-publish","format-standard","has-post-thumbnail","category-eesti","tag-ajaviide","tag-autoleht","tag-blog","tag-breaking-news","tag-breakingnews","tag-cv","tag-date","tag-defli","tag-delfi","tag-ee","tag-eesti","tag-eesti-keel","tag-ekaart","tag-email","tag-erootika","tag-estonia","tag-estonian","tag-featured-news","tag-featurednews","tag-film","tag-foto","tag-headlines","tag-horoskoop","tag-ilm","tag-ilmaennustus","tag-internet","tag-kaart","tag-kava","tag-kindlustus","tag-kinnisvara","tag-kuulutused","tag-lasteleht","tag-latest-news","tag-latestnews","tag-loto","tag-majandus","tag-mangud","tag-mobiil","tag-muusika","tag-naisteleht","tag-naljad","tag-news","tag-otsing","tag-pank","tag-pilt","tag-populaarseimad-lood","tag-raadio","tag-reklaam","tag-seks","tag-sms","tag-solo","tag-sport","tag-tarkvara","tag-tasuta","tag-too","tag-toopakkumised","tag-top-stories","tag-topstories","tag-tutvus","tag-tv","tag-uldised-uudised","tag-uudised","tag-valimised","tag-valuuta","tag-video","tag-viimased-uudised"],"share_on_mastodon":{"url":"","error":"Validation failed: Text character limit of 500 exceeded"},"_links":{"self":[{"href":"https:\/\/www.europesays.com\/ee\/wp-json\/wp\/v2\/posts\/268699","targetHints":{"allow":["GET"]}}],"collection":[{"href":"https:\/\/www.europesays.com\/ee\/wp-json\/wp\/v2\/posts"}],"about":[{"href":"https:\/\/www.europesays.com\/ee\/wp-json\/wp\/v2\/types\/post"}],"author":[{"embeddable":true,"href":"https:\/\/www.europesays.com\/ee\/wp-json\/wp\/v2\/users\/2"}],"replies":[{"embeddable":true,"href":"https:\/\/www.europesays.com\/ee\/wp-json\/wp\/v2\/comments?post=268699"}],"version-history":[{"count":0,"href":"https:\/\/www.europesays.com\/ee\/wp-json\/wp\/v2\/posts\/268699\/revisions"}],"wp:featuredmedia":[{"embeddable":true,"href":"https:\/\/www.europesays.com\/ee\/wp-json\/wp\/v2\/media\/268700"}],"wp:attachment":[{"href":"https:\/\/www.europesays.com\/ee\/wp-json\/wp\/v2\/media?parent=268699"}],"wp:term":[{"taxonomy":"category","embeddable":true,"href":"https:\/\/www.europesays.com\/ee\/wp-json\/wp\/v2\/categories?post=268699"},{"taxonomy":"post_tag","embeddable":true,"href":"https:\/\/www.europesays.com\/ee\/wp-json\/wp\/v2\/tags?post=268699"}],"curies":[{"name":"wp","href":"https:\/\/api.w.org\/{rel}","templated":true}]}}