{"id":268701,"date":"2026-09-04T18:53:13","date_gmt":"2026-09-04T18:53:13","guid":{"rendered":"https:\/\/www.europesays.com\/ee\/268701\/"},"modified":"2026-09-04T18:53:13","modified_gmt":"2026-09-04T18:53:13","slug":"enne-floraga-taasliitumist-itaalia-serie-d-sse-mineku-aarel-olnud-sorga-lukkas-positsioonivahetuse-edasi-soccernet-ee","status":"publish","type":"post","link":"https:\/\/www.europesays.com\/ee\/268701\/","title":{"rendered":"Enne Floraga taasliitumist Itaalia Serie D-sse mineku \u00e4\u00e4rel olnud Sorga l\u00fckkas positsioonivahetuse edasi &#8211; Soccernet.ee"},"content":{"rendered":"<p><img decoding=\"async\" src=\"https:\/\/www.europesays.com\/ee\/wp-content\/uploads\/2026\/09\/1788534665.jpg\" alt=\"Erik Sorga m\u00e4ngis Floras ka aastatel 2016-2019. Foto: Brit Maria Tael\"\/>&#13;\n<\/p>\n<p>V\u00e4rskelt <a href=\"https:\/\/soccernet.ee\/artikkel\/tagasi-kodus-floraga-kaed-loonud-sorga-tahan-jouda-uuesti-eesti-koondisesse\" target=\"_blank\" rel=\"nofollow noopener\">Tallinna Floraga taasliitunud<\/a> r\u00fcndaja Erik Sorga (27) avaldas Soccernet.ee-le, et Eesti meisterklubiga l\u00e4bir\u00e4\u00e4kimiste ajal tundus talle juba vahepeal, et ta peab minema Itaalia neljandale liigatasandile.<\/p>\n<p>Premium liiga 2019. aasta parim v\u00e4ravak\u00fctt Sorga siirdus 2020. aasta alguses v\u00e4lismaale. Ta m\u00e4ngis nii USA-s, Hollandis, Rootsis, Bulgaarias, Aserbaid\u017eaanis, Vietnamis kui ka F\u00e4\u00e4ri saartel, aga korralik l\u00e4bimurre v\u00e4lismaal on tal j\u00e4\u00e4nud seni tegemata. K\u00f5ige resultatiivsemalt l\u00e4ks Sorgal Aserbaid\u017eaani k\u00f5rgliigas, kus ta sai \u00fche hooaja jooksul kirja viis tabamust.&#13;\n<\/p>\n<p>Viimati kuulus ta F\u00e4\u00e4ri saarte klubisse HB Torshavn, kust lahkus t\u00e4navu maikuus, selgitades, et ei suutnud elu igavas kallis riigis ning perest eemalolekut <a href=\"https:\/\/soccernet.ee\/artikkel\/igav-kallis-ja-perest-eemal-faaridelt-lahkunud-sorga-ma-ei-suutnud-seda-vaimselt-taluda\" target=\"_blank\" rel=\"nofollow noopener\">vaimselt taluda<\/a>.&#13;\n<\/p>\n<p>&#8220;Kavatsesin leida endale uue klubi enne suve l\u00f5ppu. Mul oli valikuid nii Aasiast kui ka Euroopast: Indoneesia teine liiga, Tai, K\u00f5rg\u00f5zstan, Itaalia neljas liiga, Armeenia. Ma tahtsin leida midagi Euroopas, kuna olen juba m\u00e4nginud Aasias ja kaugetes riikides ning pikad lennud on mulle rasked, eriti kuna mul on laps &#8211; isegi hoolimata headest rahadest ja kliimast, tahtsin ma praegu olla kodule l\u00e4hemal,&#8221; selgitas t\u00e4na Sorga.<\/p>\n<p>&#8220;Alustasime Floraga vestlust eelmisel n\u00e4dalal. See ei kulgenud just kiiresti, kuna p\u00fc\u00fcdsime leida varianti, mis meile k\u00f5ige paremini sobiks. Ma isegi arvasin, et me ei j\u00f5ua kokkuleppele ja ma s\u00f5idan Itaaliasse, kuid suutsime leida sobiva variandi ja n\u00fc\u00fcd olen siin.&#8221;&#13;\n<\/p>\n<p>Sorga s\u00f5nul ei v\u00f5tnud Eesti klubid temaga \u00fchendust, kuna teadsid, et mees soovib j\u00e4tkata karj\u00e4\u00e4ri v\u00e4lismaal. Kui saabus aeg j\u00f5uda l\u00e4hituleviku osas otsuseni, siis pakkus ta end aga oma endisele koduklubile Florale ise.&#13;\n<\/p>\n<p>Treenis peamiselt \u00fcksinda&#13;\n<\/p>\n<p>&#8220;Ma tunnen end h\u00e4sti ja tunnen, et olen heas vormis. Tegin k\u00f5ik vajalikud testid ja tulemused olid head,&#8221; kinnitas Sorga, hoolimata neljakuulisest m\u00e4ngupraktika puudumisest.<\/p>\n<p>&#8220;Ma treenisin \u00fcksi, koos vennaga v\u00f5i lihtsalt m\u00e4ngisin s\u00f5pradega v\u00e4ljakul. Suurema osa ajast treenisin \u00fcksi,&#8221; s\u00f5nas kahekordne Eesti meister viimase nelja kuu kohta. &#8220;Oleksin v\u00f5inud k\u00fcll treenida meeskonnaga, kuid see on alati riskantne, sest v\u00f5ib saada vigastuse. Olen korduvalt kuulnud juhtumitest, kus m\u00e4ngija tuli ilma lepinguta treeningule, et endale klubi leida, sai vigastuse ja j\u00e4i pikaks ajaks klubita.&#8221;&#13;\n<\/p>\n<p><img decoding=\"async\" src=\"https:\/\/www.europesays.com\/ee\/wp-content\/uploads\/2026\/09\/1788534495.jpg\" alt=\"Erik Sorga taasliitus Floraga. Foto: FC Flora\"\/>&#13;\n<\/p>\n<p>K\u00fcsimusele, kas ta on endale seadnud Floras v\u00e4ravate arvu osas konkreetseid eesm\u00e4rke, vastas Sorga: &#8220;Minu \u00fclesanne on aidata meeskonda nii palju kui v\u00f5imalik. Muidugi tahan ma l\u00fc\u00fca v\u00e4ravaid v\u00f5i anda v\u00e4ravas\u00f6\u00f6te, kuid peamine eesm\u00e4rk on aidata meeskonnal j\u00e4rgmisel hooajal Euroopa karikav\u00f5istlustel osaleda ja meil on siin noor meeskond ja ma tahaksin aidata ka neil areneda. Loodan, et suudan sel aastal koondisesse p\u00e4\u00e4seda, see oli ka \u00fcks peamisi p\u00f5hjusi, miks ma Florasse tulin.&#8221;&#13;\n<\/p>\n<p>Senise karj\u00e4\u00e4ri jooksul Premium liigas 71 kohtumisega 41 v\u00e4ravat k\u00f5mmutanud Sorga m\u00e4ngis Eesti koondise s\u00e4rgis viimati 2024. aasta oktoobris. Kokku on tal koondise eest kirjas 31 m\u00e4ngu ja 4 tabamust.<\/p>\n<p><a href=\"https:\/\/soccernet.ee\/artikkel\/vietnamis-enneaegselt-lepingu-lopetanud-sorga-arvati-et-minu-parast-voib-klubi-valja-kukkuda\" target=\"_blank\" rel=\"nofollow noopener\">Eelmisel s\u00fcgisel \u00fctles<\/a> Sorga, et ei n\u00e4e end enam tipur\u00fcndaja positsioonil, vaid eelistaks tegutseda r\u00fcndava poolkaitsjana. &#8220;Kuigi ma \u00fctlesin, et tahan m\u00e4ngida uuel positsioonil, m\u00e4ngin siin r\u00fcndajana, kuna Flora vajab hetkel kogenud r\u00fcndajat,&#8221; kinnitas n\u00fc\u00fcd Tallinna Legioni kasvandik. &#8220;Edaspidi sooviksin oma positsiooni v\u00e4ljakul muuta, kuid aeg n\u00e4itab.&#8221;&#13;\n<\/p>\n<p>L\u00f5petuseks uuris Soccernet Sorgalt arvamust Flora ja HB Torshavni U19 v\u00f5istkondade eesolevate kohtumiste osas. Loositi ju just tema praegune ja eelmine koduklubi omavahel <a href=\"https:\/\/soccernet.ee\/artikkel\/tohoh-flora-u19-laheks-edu-korral-eurosarjas-kokku-inglismaa-hiiuga\" target=\"_blank\" rel=\"nofollow noopener\">UEFA noorteliiga<\/a> esimeseks eelringiks vastamisi, kusjuures v\u00f5itja saab minna madistama Londoni Chelsea noortega.&#13;\n<\/p>\n<p>&#8220;Ma arvan, et Flora U19 on tugevam, kuid F\u00e4\u00e4ri saarte meeskond on samuti tugev. Ma olin selle meeskonna k\u00fcljekohtunik ja nad m\u00e4ngisid sageli \u00e4\u00e4relt ning tegid seljataha viskeid,&#8221; m\u00e4rkis Sorga.&#13;<\/p>\n","protected":false},"excerpt":{"rendered":"&#13; V\u00e4rskelt Tallinna Floraga taasliitunud r\u00fcndaja Erik Sorga (27) avaldas Soccernet.ee-le, et Eesti meisterklubiga l\u00e4bir\u00e4\u00e4kimiste ajal tundus talle&hellip;\n","protected":false},"author":2,"featured_media":268702,"comment_status":"","ping_status":"","sticky":false,"template":"","format":"standard","meta":{"footnotes":"","_share_on_mastodon":"0"},"categories":[18],"tags":[37,33,35,10869,34,36,163,837,167,10872,159,158,1465],"class_list":["post-268701","post","type-post","status-publish","format-standard","has-post-thumbnail","category-sport","tag-ee","tag-eesti","tag-eesti-keel","tag-erik-sorga","tag-estonia","tag-estonian","tag-flora","tag-meistriliiga","tag-premium-liiga","tag-sorga","tag-sport","tag-sports","tag-tallinna-fc-flora"],"share_on_mastodon":{"url":"https:\/\/pubeurope.com\/@ee\/117214289106766173","error":""},"_links":{"self":[{"href":"https:\/\/www.europesays.com\/ee\/wp-json\/wp\/v2\/posts\/268701","targetHints":{"allow":["GET"]}}],"collection":[{"href":"https:\/\/www.europesays.com\/ee\/wp-json\/wp\/v2\/posts"}],"about":[{"href":"https:\/\/www.europesays.com\/ee\/wp-json\/wp\/v2\/types\/post"}],"author":[{"embeddable":true,"href":"https:\/\/www.europesays.com\/ee\/wp-json\/wp\/v2\/users\/2"}],"replies":[{"embeddable":true,"href":"https:\/\/www.europesays.com\/ee\/wp-json\/wp\/v2\/comments?post=268701"}],"version-history":[{"count":0,"href":"https:\/\/www.europesays.com\/ee\/wp-json\/wp\/v2\/posts\/268701\/revisions"}],"wp:featuredmedia":[{"embeddable":true,"href":"https:\/\/www.europesays.com\/ee\/wp-json\/wp\/v2\/media\/268702"}],"wp:attachment":[{"href":"https:\/\/www.europesays.com\/ee\/wp-json\/wp\/v2\/media?parent=268701"}],"wp:term":[{"taxonomy":"category","embeddable":true,"href":"https:\/\/www.europesays.com\/ee\/wp-json\/wp\/v2\/categories?post=268701"},{"taxonomy":"post_tag","embeddable":true,"href":"https:\/\/www.europesays.com\/ee\/wp-json\/wp\/v2\/tags?post=268701"}],"curies":[{"name":"wp","href":"https:\/\/api.w.org\/{rel}","templated":true}]}}