{"id":268709,"date":"2026-09-04T19:05:18","date_gmt":"2026-09-04T19:05:18","guid":{"rendered":"https:\/\/www.europesays.com\/ee\/268709\/"},"modified":"2026-09-04T19:05:18","modified_gmt":"2026-09-04T19:05:18","slug":"fotod-vaata-kes-saabusid-estoniasse-glamuursele-vana-tallinn-baltimaade-ooperigalale","status":"publish","type":"post","link":"https:\/\/www.europesays.com\/ee\/268709\/","title":{"rendered":"FOTOD | Vaata, kes saabusid Estoniasse glamuursele Vana Tallinn Baltimaade ooperigalale"},"content":{"rendered":"<p>Tegemist on uue koost\u00f6\u00f6formaadi ava\u00fcritusega, millega pannakse alus iga-aastasele Balti ooperigalale, mis hakkab edaspidi toimuma vaheldumisi kolmes riigis. Projekt saab teoks t\u00e4nu eelmisel aastal kolme riigi ooperimajade vahel s\u00f5lmitud kokkuleppele, mille eesm\u00e4rk on tugevdada kultuurisidemeid, laiendada loomingulist koost\u00f6\u00f6d ning tutvustada publikule Baltimaade ooperikunsti ja muusikute paremikku.<\/p>\n","protected":false},"excerpt":{"rendered":"Tegemist on uue koost\u00f6\u00f6formaadi ava\u00fcritusega, millega pannakse alus iga-aastasele Balti ooperigalale, mis hakkab edaspidi toimuma vaheldumisi kolmes riigis.&hellip;\n","protected":false},"author":2,"featured_media":268710,"comment_status":"","ping_status":"","sticky":false,"template":"","format":"standard","meta":{"footnotes":"","_share_on_mastodon":"0"},"categories":[14],"tags":[131,130,37,33,35,34,36,88900],"class_list":["post-268709","post","type-post","status-publish","format-standard","has-post-thumbnail","category-ari","tag-ari","tag-business","tag-ee","tag-eesti","tag-eesti-keel","tag-estonia","tag-estonian","tag-ooperigala"],"share_on_mastodon":{"url":"https:\/\/pubeurope.com\/@ee\/117214335851235970","error":""},"_links":{"self":[{"href":"https:\/\/www.europesays.com\/ee\/wp-json\/wp\/v2\/posts\/268709","targetHints":{"allow":["GET"]}}],"collection":[{"href":"https:\/\/www.europesays.com\/ee\/wp-json\/wp\/v2\/posts"}],"about":[{"href":"https:\/\/www.europesays.com\/ee\/wp-json\/wp\/v2\/types\/post"}],"author":[{"embeddable":true,"href":"https:\/\/www.europesays.com\/ee\/wp-json\/wp\/v2\/users\/2"}],"replies":[{"embeddable":true,"href":"https:\/\/www.europesays.com\/ee\/wp-json\/wp\/v2\/comments?post=268709"}],"version-history":[{"count":0,"href":"https:\/\/www.europesays.com\/ee\/wp-json\/wp\/v2\/posts\/268709\/revisions"}],"wp:featuredmedia":[{"embeddable":true,"href":"https:\/\/www.europesays.com\/ee\/wp-json\/wp\/v2\/media\/268710"}],"wp:attachment":[{"href":"https:\/\/www.europesays.com\/ee\/wp-json\/wp\/v2\/media?parent=268709"}],"wp:term":[{"taxonomy":"category","embeddable":true,"href":"https:\/\/www.europesays.com\/ee\/wp-json\/wp\/v2\/categories?post=268709"},{"taxonomy":"post_tag","embeddable":true,"href":"https:\/\/www.europesays.com\/ee\/wp-json\/wp\/v2\/tags?post=268709"}],"curies":[{"name":"wp","href":"https:\/\/api.w.org\/{rel}","templated":true}]}}