{"id":268713,"date":"2026-09-04T19:15:08","date_gmt":"2026-09-04T19:15:08","guid":{"rendered":"https:\/\/www.europesays.com\/ee\/268713\/"},"modified":"2026-09-04T19:15:08","modified_gmt":"2026-09-04T19:15:08","slug":"bigbank-kalev-loobus-uhest-leegionarist-ja-palkas-uue-tagamangija","status":"publish","type":"post","link":"https:\/\/www.europesays.com\/ee\/268713\/","title":{"rendered":"Bigbank\/Kalev loobus \u00fchest leegion\u00e4rist ja palkas uue tagam\u00e4ngija"},"content":{"rendered":"<p>Falko liitub meeskonnaga Kasen Harrisoni asemel, kellel avastati Eestis tervisekontrolli k\u00e4igus tervisemure ning m\u00e4ngija soovil ta klubis ei j\u00e4tka. <\/p>\n<p>Aastatel 2020\u20132023 \u00fclikoolikorvpalli m\u00e4nginud Falko s\u00f5lmis oma esimese profilepingu hooajal 2024\/25, kui siirdus Islandi k\u00f5rgliigaklubisse IR Reykjavik. Sama meeskonna eest m\u00e4ngis ameeriklane ka m\u00f6\u00f6dunud hooajal.<\/p>\n<p>Falko n\u00e4itas m\u00f5lemal hooajal v\u00e4ga sarnast statistikat. Eelmisel hooajal osales ta p\u00f5hiturniiril 22 m\u00e4ngus, viibides v\u00e4ljakul keskmiselt 36 minutit kohtumise kohta. Tema keskmised n\u00e4itajad olid 22,2 punkti, 7,8 resultatiivset s\u00f6\u00f6tu ja 4,5 lauapalli m\u00e4ngu kohta.<\/p>\n<p>Peatreener <a rel=\"noopener nofollow\" target=\"_blank\" href=\"https:\/\/www.delfi.ee\/teema\/96851686\/brett-nomm\" tag-id=\"96851686\">Brett N\u00f5mm<\/a>: \u201eKaseni lahkumise t\u00f5ttu oli tagam\u00e4ngija kohale kedagi uut vaja ning kuna suvel sai palju m\u00e4ngijaid \u00fcle vaadatud, uurisime k\u00f5igepealt, mis seis oli nende m\u00e4ngijatega, kes huvi pakkusid, kuid erinevatel p\u00f5hjustel valituks ei saanud. <\/p>\n<p>N\u00e4gime, et Jakob on veel klubita ja m\u00e4ngija t\u00fc\u00fcbi poolest t\u00e4pselt see, mis v\u00f5istkonnal meie hinnangul puudu. Tegemist on tugeva kehaehitusega tagam\u00e4ngijaga, kes suudab korvi alt efektiivselt l\u00f5petada ning vigu v\u00e4lja meelitada. Lisaks sellele n\u00e4eb ta v\u00e4ljakut h\u00e4sti ja suudab teistele m\u00e4ngijatele h\u00e4id viske kohti tekitada.\u201c<\/p>\n<p>Peale koondiseakent meeskonnaga liitunud peatreener N\u00f5mm on t\u00e4naseks uuest tiimist esmase pildi ette saanud.<\/p>\n<p>\u201eEsimeste n\u00e4dalate treeningud on h\u00e4sti l\u00e4inud. Mehed on tahtmist t\u00e4is ja k\u00f5ik treeningud on heas m\u00f5ttes lahingud. Ilmselgelt on veel vaja m\u00e4ngijatel minuga kohaneda ning neil on palju uut infot, seega asi on v\u00e4ga toores, kuid samas hooaega arvestades lubav. Usun, et hooaja alguseks oleme heas l\u00f6\u00f6gihoos,\u201c lausus N\u00f5mm.<\/p>\n<p>Bigbank\/Kalevi esimene hooajaeelne m\u00e4ng toimub 9. septembril Keila Tervisekeskuses Keila KK meeskonna vastu.<\/p>\n<p>Kuidas see lugu Sind end tundma pani?Saada<a href=\"https:\/\/sport.delfi.ee\/a\/120608493\/bigbankkalev-loobus-uhest-leegionarist-ja-palkas-uue-tagamangija\/kommentaarid\" class=\"button button--primary button--size-auto article-body-bottom__comment article-body-bottom__comment--write\" style=\"\" rel=\"nofollow noopener\" target=\"_blank\">Kommenteeri<\/a><a href=\"https:\/\/sport.delfi.ee\/a\/120608493\/bigbankkalev-loobus-uhest-leegionarist-ja-palkas-uue-tagamangija\/kommentaarid\" class=\"button button--size-auto article-body-bottom__comment article-body-bottom__comment--read\" style=\"\" rel=\"nofollow noopener\" target=\"_blank\">Loe kommentaare (7)<\/a><\/p>\n","protected":false},"excerpt":{"rendered":"Falko liitub meeskonnaga Kasen Harrisoni asemel, kellel avastati Eestis tervisekontrolli k\u00e4igus tervisemure ning m\u00e4ngija soovil ta klubis ei&hellip;\n","protected":false},"author":2,"featured_media":268714,"comment_status":"","ping_status":"","sticky":false,"template":"","format":"standard","meta":{"footnotes":"","_share_on_mastodon":"0"},"categories":[18],"tags":[84975,7786,37,33,35,34,36,1513,159,158],"class_list":["post-268713","post","type-post","status-publish","format-standard","has-post-thumbnail","category-sport","tag-bigbank-kalev","tag-brett-nomm","tag-ee","tag-eesti","tag-eesti-keel","tag-estonia","tag-estonian","tag-korvpall","tag-sport","tag-sports"],"share_on_mastodon":{"url":"https:\/\/pubeurope.com\/@ee\/117214375011869374","error":""},"_links":{"self":[{"href":"https:\/\/www.europesays.com\/ee\/wp-json\/wp\/v2\/posts\/268713","targetHints":{"allow":["GET"]}}],"collection":[{"href":"https:\/\/www.europesays.com\/ee\/wp-json\/wp\/v2\/posts"}],"about":[{"href":"https:\/\/www.europesays.com\/ee\/wp-json\/wp\/v2\/types\/post"}],"author":[{"embeddable":true,"href":"https:\/\/www.europesays.com\/ee\/wp-json\/wp\/v2\/users\/2"}],"replies":[{"embeddable":true,"href":"https:\/\/www.europesays.com\/ee\/wp-json\/wp\/v2\/comments?post=268713"}],"version-history":[{"count":0,"href":"https:\/\/www.europesays.com\/ee\/wp-json\/wp\/v2\/posts\/268713\/revisions"}],"wp:featuredmedia":[{"embeddable":true,"href":"https:\/\/www.europesays.com\/ee\/wp-json\/wp\/v2\/media\/268714"}],"wp:attachment":[{"href":"https:\/\/www.europesays.com\/ee\/wp-json\/wp\/v2\/media?parent=268713"}],"wp:term":[{"taxonomy":"category","embeddable":true,"href":"https:\/\/www.europesays.com\/ee\/wp-json\/wp\/v2\/categories?post=268713"},{"taxonomy":"post_tag","embeddable":true,"href":"https:\/\/www.europesays.com\/ee\/wp-json\/wp\/v2\/tags?post=268713"}],"curies":[{"name":"wp","href":"https:\/\/api.w.org\/{rel}","templated":true}]}}