{"id":268717,"date":"2026-09-04T19:18:40","date_gmt":"2026-09-04T19:18:40","guid":{"rendered":"https:\/\/www.europesays.com\/ee\/268717\/"},"modified":"2026-09-04T19:18:40","modified_gmt":"2026-09-04T19:18:40","slug":"mtu-de-ulevaade-sajad-tuhanded-arenguriikide-kliimaeesmarkide-taitmiseks-ja-soolise-vordoiguslikkuse-saavutamiseks-ehk-kuhu-suunab-riik-raha-majandus","status":"publish","type":"post","link":"https:\/\/www.europesays.com\/ee\/268717\/","title":{"rendered":"MT\u00dc-DE \u00dcLEVAADE Sajad tuhanded arenguriikide kliimaeesm\u00e4rkide t\u00e4itmiseks ja soolise v\u00f5rd\u00f5iguslikkuse saavutamiseks ehk kuhu suunab riik raha? &#8211; Majandus"},"content":{"rendered":"<ol>\n<li><a href=\"https:\/\/news.google.com\/rss\/articles\/CBMiigJBVV95cUxQSi1XcTViQTYtUDJjRVpHdmhyRkFSZ1ZEWThUZV91X1VRV3VpTFdCWE9XeVR4TzZXcGZvUS1DOEhvQ2lYMFdyODZXdTRvRUN3ZF9nRnZuRXEwdUZBYUpZamltcENUQjk4STlLX2daUXI5QnVWMGlUV1NWTFZGb1RLNzRTOE5ydlR1V3RIMnZkYUZsb3JHMEhIbGU4SXE0MWotc214X1NNVEs2amtwTGhtRmZsaGdGVnVOVEpFNlVPWThnT1Y1ZE5adVk3RWtUQlNXNVBvTm9RYmpSM2o0Zk1BQkMxMVVTWjdjQXpFR3h5WUF3M0lnOHhyWlVJQmFJWmR5MFcwdkxYUmtnUQ?oc=5\" target=\"_blank\" rel=\"nofollow noopener\">MT\u00dc-DE \u00dcLEVAADE Sajad tuhanded arenguriikide kliimaeesm\u00e4rkide t\u00e4itmiseks ja soolise v\u00f5rd\u00f5iguslikkuse saavutamiseks ehk kuhu suunab riik raha?<\/a>&nbsp;&nbsp;Majandus<\/li>\n<li><a href=\"https:\/\/news.google.com\/rss\/articles\/CBMixwFBVV95cUxPYjdqY2ZxNlNlQ3psb0l4MEVQNzVjb01DaWdWUmdVQlVXVUFTVlVWSlJ3OVk5c1h5SzJYaWNMTDJNOS1iRjRiazVRY0NkTHV5ODRZQWtxb193S3FRV2N3SmZOSEJwQkF6Tzh4WVJVbXpnelY0MEhmQURiZV9TbURicDNfLXdZWWdnUW9iaGIwSzdjXzNNZEwxTVN6Um5DeVpWVDhkLUF0b054WWYwQlpBenplN21wZnI3MFNxblJsWFFTNjBoVVAw?oc=5\" target=\"_blank\" rel=\"nofollow noopener\">Eesti vaba\u00fchendused protestivad valitsuse rahaplaani vastu. Ministeerium: need ei ole k\u00e4rped<\/a>&nbsp;&nbsp;Majandus<\/li>\n<li><a href=\"https:\/\/news.google.com\/rss\/articles\/CBMiiAFBVV95cUxOX1dzbm50QzhpaFNPa0RoX0w4UXVNcVNZSzUtWTJGWXpzZVdMYUs3U2IwSVA0Vm55elUySmNKTnJ1VnpFT1JVMVNEWkdpTDRwRWl0RDBXVm45OTFjcUtaNzFBMWhqM1JZMWtaTnk1OXVyaHpJLVlDa2J0MmNjZUdYdlRqMFJpRWpu?oc=5\" target=\"_blank\" rel=\"nofollow noopener\">JUHTKIRI \u27e9 Vaba\u00fchenduste salap\u00e4rane rahamaailm<\/a>&nbsp;&nbsp;Postimees<\/li>\n<\/ol>\n","protected":false},"excerpt":{"rendered":"MT\u00dc-DE \u00dcLEVAADE Sajad tuhanded arenguriikide kliimaeesm\u00e4rkide t\u00e4itmiseks ja soolise v\u00f5rd\u00f5iguslikkuse saavutamiseks ehk kuhu suunab riik raha?&nbsp;&nbsp;Majandus Eesti vaba\u00fchendused&hellip;\n","protected":false},"author":2,"featured_media":268718,"comment_status":"","ping_status":"","sticky":false,"template":"","format":"standard","meta":{"footnotes":"","_share_on_mastodon":"0"},"categories":[12],"tags":[2338,26,27,37,33,35,2197,34,36,31,32,21,6950,614,3081,4039,28,29,4065,1131,96553,19,25,3884,1016,3099,103929,23,24,22,20,3417,2486,103928,30],"class_list":["post-268717","post","type-post","status-publish","format-standard","has-post-thumbnail","category-eesti","tag-andres-sutt","tag-breaking-news","tag-breakingnews","tag-ee","tag-eesti","tag-eesti-keel","tag-erkki-keldo","tag-estonia","tag-estonian","tag-featured-news","tag-featurednews","tag-headlines","tag-hendrik-johannes-terras","tag-igor-taro","tag-kliimaministeerium","tag-kuldar-leis","tag-latest-news","tag-latestnews","tag-majandus-ja-kommunikatsiooniministeerium","tag-margus-tsahkna","tag-mittetulundusuhingud","tag-news","tag-populaarseimad-lood","tag-regionaal-ja-pollumajandusministeerium","tag-riigieelarve","tag-siseministeerium","tag-toetused-mtudele","tag-top-stories","tag-topstories","tag-uldised-uudised","tag-uudised","tag-vabauhendused","tag-valisministeerium","tag-valitsussektori-volg","tag-viimased-uudised"],"share_on_mastodon":{"url":"","error":"Validation failed: Text character limit of 500 exceeded"},"_links":{"self":[{"href":"https:\/\/www.europesays.com\/ee\/wp-json\/wp\/v2\/posts\/268717","targetHints":{"allow":["GET"]}}],"collection":[{"href":"https:\/\/www.europesays.com\/ee\/wp-json\/wp\/v2\/posts"}],"about":[{"href":"https:\/\/www.europesays.com\/ee\/wp-json\/wp\/v2\/types\/post"}],"author":[{"embeddable":true,"href":"https:\/\/www.europesays.com\/ee\/wp-json\/wp\/v2\/users\/2"}],"replies":[{"embeddable":true,"href":"https:\/\/www.europesays.com\/ee\/wp-json\/wp\/v2\/comments?post=268717"}],"version-history":[{"count":0,"href":"https:\/\/www.europesays.com\/ee\/wp-json\/wp\/v2\/posts\/268717\/revisions"}],"wp:featuredmedia":[{"embeddable":true,"href":"https:\/\/www.europesays.com\/ee\/wp-json\/wp\/v2\/media\/268718"}],"wp:attachment":[{"href":"https:\/\/www.europesays.com\/ee\/wp-json\/wp\/v2\/media?parent=268717"}],"wp:term":[{"taxonomy":"category","embeddable":true,"href":"https:\/\/www.europesays.com\/ee\/wp-json\/wp\/v2\/categories?post=268717"},{"taxonomy":"post_tag","embeddable":true,"href":"https:\/\/www.europesays.com\/ee\/wp-json\/wp\/v2\/tags?post=268717"}],"curies":[{"name":"wp","href":"https:\/\/api.w.org\/{rel}","templated":true}]}}