{"id":268727,"date":"2026-09-04T19:36:24","date_gmt":"2026-09-04T19:36:24","guid":{"rendered":"https:\/\/www.europesays.com\/ee\/268727\/"},"modified":"2026-09-04T19:36:24","modified_gmt":"2026-09-04T19:36:24","slug":"uuenenud-tallinna-linnateater-kutsub-avastama-suure-saali-klassikast-maja-salaparani","status":"publish","type":"post","link":"https:\/\/www.europesays.com\/ee\/268727\/","title":{"rendered":"Uuenenud Tallinna Linnateater kutsub avastama: Suure saali klassikast maja salap\u00e4rani"},"content":{"rendered":"<p>Selle uue hingamise s\u00fcdameks on kahtlemata uus Suur saal, mis on loonud meile v\u00f5imaluse tuua lavale suurejoonelisi klassikalavastusi. Suure saali avas Uku Uusbergi m\u00e4rgiline lavastus <a target=\"_blank\" rel=\"noopener noreferrer nofollow\" href=\"https:\/\/linnateater.ee\/lavastused\/iphigeneia-agamemnon-elektra\/\">\u201eIphigeneia. Agamemnon. Elektra.\u201c<\/a>, mis p\u00f5hineb Tiago Rodriguesi n\u00e4idendil. See viib vaatajad tagasi Euroopa teatri juurte juurde Vana-Kreekasse, esitades valusaid k\u00fcsimusi piiride ja nende \u00fcletamise kohta. Nagu lavastuse tegijad on tabavalt r\u00f5hutanud, n\u00f5uab s\u00e4\u00e4rane materjal \u00e4\u00e4rmist kohalolu ja valmidust lahata s\u00f5ja ning k\u00e4ttemaksu purustavat toorust.<\/p>\n<p>Klassikaline joon j\u00e4tkub hispaania kuldajastu meistriteosega <a target=\"_blank\" rel=\"noopener noreferrer nofollow\" href=\"https:\/\/linnateater.ee\/lavastused\/elu-on-unenagu\/\">\u201eElu on unen\u00e4gu\u201c<\/a>, mille lavastas Pedro Calder\u00f3n de la Barca n\u00e4idendi p\u00f5hjal Lembit Peterson. See baroki t\u00e4htteos on leidnud kodumaise kriitika poolt v\u00e4ga sooja vastuv\u00f5tu. Pille-Riin Purje (Postimees) on nimetanud seda meistrit\u00f6\u00f6ks, \u00f6eldes, et \u201eLembit Petersoni lavastust on v\u00f5imalik nimetada nii n\u00fc\u00fcdisaegseks kui ka aegade \u00fcleseks.\u201c Andrei Hvostov (Delfi) t\u00f5i aga oma arvustuses v\u00e4lja, et Linnateater v\u00f5ttis sedav\u00f5rd mitmetahulise teose lavale toomisega tohutu riski, ent see tasus end \u00e4ra. See enam kui neljatunnine r\u00e4nnak pakub vaatajale v\u00f5imaluse s\u00fc\u00fcvida vaba tahte ja saatuse igavesse konflikti.<\/p>\n<p><img decoding=\"async\" class=\"figure__image\" onclick=\"triggerEvent('articleImageClick', { id: 17895536, focus: 'single-image', focusIndex: '17895536' })\" onkeydown=\"if (event.key === 'Enter') {&#10;        triggerEvent('articleImageClick', { id: 17895536, focus: 'single-image', focusIndex: '17895536' })&#10;        }\" role=\"button\" tabindex=\"0\" data-focus-from=\"single-image\" data-focus-index=\"17895536\" src=\"https:\/\/www.europesays.com\/ee\/wp-content\/uploads\/2026\/09\/17895536t1h0af7.jpg\"  onload=\"this.parentElement.classList.remove('figure__image-loading')\" alt=\"\"\/> Foto: Tallinna Linnateater<\/p>\n<p>Linnateatri vaade on aga suunatud ka tulevikku. Juba 28. novembril on Suures saalis oodata uut suurteost, kui esietendub Marius Iva\u0161kevi\u010diuse n\u00e4idend \u201eThomas Moore\u201c, mille ta kirjutas oma romaani \u201eTomas M\u016bras\u201c p\u00f5hjal. Iva\u0161kevi\u010diuse teksti toob v\u00e4lja tunnustatud leedu lavastaja Oskaras Kor\u0161unovas, kelle jaoks see on esimene lavastus Eestis. Lugu, mille tegevus toimub l\u00e4hitulevikus \u00fches utoopilises kunstiinimeste residentuuris, toob meieni peategelase loomingulised heitlused ja igatsuse m\u00f6\u00f6dunu j\u00e4rele.<\/p>\n<p>Loomulikult ei koondu kogu teatri argip\u00e4ev vaid Suurde saali. Uuenenud maja teistes, intiimsemates saalides on ruumi ka kammerlikumale m\u00e4ngule. Nii j\u00f5uab peatselt Taevasaalis Peeter Tammearu k\u00e4e all lavale Jaan T\u00e4tte must kom\u00f6\u00f6dia <a target=\"_blank\" rel=\"noopener noreferrer nofollow\" href=\"https:\/\/linnateater.ee\/lavastused\/oo\/\">\u201e\u00d6\u00f6\u201c<\/a> \u2013 uus tekst, mis on \u00fcle pika aja kirjutatud spetsiaalselt just Linnateatri n\u00e4itlejaid silmas pidades.<\/p>\n<p>Oleme valmis kandma vastutust suureks teatriks olemise ees, kuid soovime hoida alles ka seda sooja v\u00e4iketeatri tunnet, mis on meile alati omane olnud.<\/p>\n<p>Kas tahad, et sinu lugu j\u00f5uaks inimesteni, keda see p\u00e4riselt k\u00f5netab? Postimehe sisuturundusartikkel ei ole pelgalt reklaam \u2013 see on l\u00e4bim\u00f5eldud sisu, mis pakub lugejale v\u00e4\u00e4rtust ning tutvustab sinu teenust v\u00f5i toodet. V\u00f5ta meiega \u00fchendust, et koos leida just sinu ettev\u00f5ttele sobiv sisuturunduslahendus: <a href=\"https:\/\/www.postimees.ee\/8539856\/mailto:veebireklaam@postimees.ee\" rel=\"nofollow noopener\" target=\"_blank\">veebireklaam@postimees.ee<\/a><\/p>\n","protected":false},"excerpt":{"rendered":"Selle uue hingamise s\u00fcdameks on kahtlemata uus Suur saal, mis on loonud meile v\u00f5imaluse tuua lavale suurejoonelisi klassikalavastusi.&hellip;\n","protected":false},"author":2,"featured_media":268728,"comment_status":"","ping_status":"","sticky":false,"template":"","format":"standard","meta":{"footnotes":"","_share_on_mastodon":"0"},"categories":[16],"tags":[71,37,33,35,173,34,36,668,381,1000,672,140,676,999,159],"class_list":["post-268727","post","type-post","status-publish","format-standard","has-post-thumbnail","category-meelelahutus","tag-arvamus","tag-ee","tag-eesti","tag-eesti-keel","tag-entertainment","tag-estonia","tag-estonian","tag-ilm","tag-internet","tag-krimi","tag-majandus","tag-meelelahutus","tag-pank","tag-poliitika","tag-sport"],"share_on_mastodon":{"url":"https:\/\/pubeurope.com\/@ee\/117214458134071723","error":""},"_links":{"self":[{"href":"https:\/\/www.europesays.com\/ee\/wp-json\/wp\/v2\/posts\/268727","targetHints":{"allow":["GET"]}}],"collection":[{"href":"https:\/\/www.europesays.com\/ee\/wp-json\/wp\/v2\/posts"}],"about":[{"href":"https:\/\/www.europesays.com\/ee\/wp-json\/wp\/v2\/types\/post"}],"author":[{"embeddable":true,"href":"https:\/\/www.europesays.com\/ee\/wp-json\/wp\/v2\/users\/2"}],"replies":[{"embeddable":true,"href":"https:\/\/www.europesays.com\/ee\/wp-json\/wp\/v2\/comments?post=268727"}],"version-history":[{"count":0,"href":"https:\/\/www.europesays.com\/ee\/wp-json\/wp\/v2\/posts\/268727\/revisions"}],"wp:featuredmedia":[{"embeddable":true,"href":"https:\/\/www.europesays.com\/ee\/wp-json\/wp\/v2\/media\/268728"}],"wp:attachment":[{"href":"https:\/\/www.europesays.com\/ee\/wp-json\/wp\/v2\/media?parent=268727"}],"wp:term":[{"taxonomy":"category","embeddable":true,"href":"https:\/\/www.europesays.com\/ee\/wp-json\/wp\/v2\/categories?post=268727"},{"taxonomy":"post_tag","embeddable":true,"href":"https:\/\/www.europesays.com\/ee\/wp-json\/wp\/v2\/tags?post=268727"}],"curies":[{"name":"wp","href":"https:\/\/api.w.org\/{rel}","templated":true}]}}