{"id":268757,"date":"2026-09-04T20:25:17","date_gmt":"2026-09-04T20:25:17","guid":{"rendered":"https:\/\/www.europesays.com\/ee\/268757\/"},"modified":"2026-09-04T20:25:17","modified_gmt":"2026-09-04T20:25:17","slug":"sojapaevik-1654-paev-putin-puuab-eskalatsiooniga-soja-ummikust-valja-murda-euroopa-kardab-venemaa-ja-nato-kokkuporget","status":"publish","type":"post","link":"https:\/\/www.europesays.com\/ee\/268757\/","title":{"rendered":"S\u00d5JAP\u00c4EVIK (1654. p\u00e4ev) | Putin p\u00fc\u00fcab eskalatsiooniga s\u00f5ja ummikust v\u00e4lja murda. Euroopa kardab Venemaa ja NATO kokkup\u00f5rget"},"content":{"rendered":"<p><img decoding=\"async\" src=\"https:\/\/www.europesays.com\/ee\/wp-content\/uploads\/2026\/09\/401ced4c-8ef6-44c1-b8a7-a5d0047d4682.jpg\" loading=\"lazy\" alt=\"EI N\u00c4ITA N\u00d5RKUST: Kuigi s\u00f5jaline erioperatsioon kestab juba 5. aastat, p\u00fc\u00fcab Vladimir Putin endiselt n\u00e4idata, et k\u00f5ik l\u00e4heb h\u00e4sti.\"\/><\/p>\n<p>EI N\u00c4ITA N\u00d5RKUST: Kuigi s\u00f5jaline erioperatsioon kestab juba 5. aastat, p\u00fc\u00fcab Vladimir Putin endiselt n\u00e4idata, et k\u00f5ik l\u00e4heb h\u00e4sti.<\/p>\n<p>FOTO: IMAGO \/ SNA \/ Scanpix \/ Sergei Ilyin<\/p>\n<p>Venemaa \u00fcha sagedasemad <a rel=\"noopener nofollow\" target=\"_blank\" href=\"https:\/\/www.delfi.ee\/teema\/96862387\/sabotaaz\" tag-id=\"96862387\">sabotaa\u017eiaktid<\/a> Euroopas suurendavad ohtu, et m\u00f5ni neist p\u00f5hjustab inimohvreid ja sunnib <a rel=\"noopener nofollow\" target=\"_blank\" href=\"https:\/\/www.delfi.ee\/teema\/24581263\/nato\" tag-id=\"24581263\">NATOt<\/a> j\u00f5uliselt vastama, kirjutab New York Times. See v\u00f5ib viia Venemaa ja NATO otsese vastasseisuni isegi juhul, kui Kreml seda ei soovi.<\/p>\n","protected":false},"excerpt":{"rendered":"EI N\u00c4ITA N\u00d5RKUST: Kuigi s\u00f5jaline erioperatsioon kestab juba 5. aastat, p\u00fc\u00fcab Vladimir Putin endiselt n\u00e4idata, et k\u00f5ik l\u00e4heb&hellip;\n","protected":false},"author":2,"featured_media":268758,"comment_status":"","ping_status":"","sticky":false,"template":"","format":"standard","meta":{"footnotes":"","_share_on_mastodon":"0"},"categories":[5],"tags":[26,27,37,33,35,34,36,31,32,21,5185,1856,28,29,54,19,25,4344,107,23,24,22,20,30,661],"class_list":["post-268757","post","type-post","status-publish","format-standard","has-post-thumbnail","category-uldised-uudised","tag-breaking-news","tag-breakingnews","tag-ee","tag-eesti","tag-eesti-keel","tag-estonia","tag-estonian","tag-featured-news","tag-featurednews","tag-headlines","tag-hubriidsoda","tag-krimm","tag-latest-news","tag-latestnews","tag-nato","tag-news","tag-populaarseimad-lood","tag-sabotaaz","tag-soda-ukrainas","tag-top-stories","tag-topstories","tag-uldised-uudised","tag-uudised","tag-viimased-uudised","tag-vladimir-putin"],"share_on_mastodon":{"url":"https:\/\/pubeurope.com\/@ee\/117214650640248662","error":""},"_links":{"self":[{"href":"https:\/\/www.europesays.com\/ee\/wp-json\/wp\/v2\/posts\/268757","targetHints":{"allow":["GET"]}}],"collection":[{"href":"https:\/\/www.europesays.com\/ee\/wp-json\/wp\/v2\/posts"}],"about":[{"href":"https:\/\/www.europesays.com\/ee\/wp-json\/wp\/v2\/types\/post"}],"author":[{"embeddable":true,"href":"https:\/\/www.europesays.com\/ee\/wp-json\/wp\/v2\/users\/2"}],"replies":[{"embeddable":true,"href":"https:\/\/www.europesays.com\/ee\/wp-json\/wp\/v2\/comments?post=268757"}],"version-history":[{"count":0,"href":"https:\/\/www.europesays.com\/ee\/wp-json\/wp\/v2\/posts\/268757\/revisions"}],"wp:featuredmedia":[{"embeddable":true,"href":"https:\/\/www.europesays.com\/ee\/wp-json\/wp\/v2\/media\/268758"}],"wp:attachment":[{"href":"https:\/\/www.europesays.com\/ee\/wp-json\/wp\/v2\/media?parent=268757"}],"wp:term":[{"taxonomy":"category","embeddable":true,"href":"https:\/\/www.europesays.com\/ee\/wp-json\/wp\/v2\/categories?post=268757"},{"taxonomy":"post_tag","embeddable":true,"href":"https:\/\/www.europesays.com\/ee\/wp-json\/wp\/v2\/tags?post=268757"}],"curies":[{"name":"wp","href":"https:\/\/api.w.org\/{rel}","templated":true}]}}