{"id":268771,"date":"2026-09-04T21:21:09","date_gmt":"2026-09-04T21:21:09","guid":{"rendered":"https:\/\/www.europesays.com\/ee\/268771\/"},"modified":"2026-09-04T21:21:09","modified_gmt":"2026-09-04T21:21:09","slug":"jennifer-lawrence-avaldas-oma-noorusliku-valimuse-saladuse-ma-ei-saa-seda-palju-teha","status":"publish","type":"post","link":"https:\/\/www.europesays.com\/ee\/268771\/","title":{"rendered":"Jennifer Lawrence avaldas oma noorusliku v\u00e4limuse saladuse. \u201eMa ei saa seda palju teha\u201c"},"content":{"rendered":"<p>Jennifer Lawrence (36) on aastaid p\u00e4lvinud t\u00e4helepanu oma muutumatuna n\u00e4iva v\u00e4limusega. Ajakirjale Vogue antud intervjuus r\u00e4\u00e4kis n\u00e4itlejanna avameelselt oma suhtumisest iluprotseduuridesse.<\/p>\n<p>\u201eMa ei saa tegelikult v\u00e4ga palju midagi teha. Mul on vaja, et mu n\u00e4gu liiguks \u2013 ma teen nn beebi-Botoxit, ma ei saa seda palju teha,\u201c s\u00f5nas Lawrence, viidates v\u00e4ikestele Botoxi kogustele.<\/p>\n<p>Tema s\u00f5nul aitab naha v\u00e4rske v\u00e4ljan\u00e4gemise s\u00e4ilitamisele kaasa ka regulaarne n\u00e4ohooldus. \u201eKui mu nahk on natuke l\u00f5dvem, kui ma sooviksin, siis v\u00e4hemalt n\u00e4eb see v\u00e4lja niiske, s\u00e4rav ja ilus,\u201c m\u00e4rkis ta.<\/p>\n<p>Samas tunnistas Oscari-v\u00f5itjast n\u00e4itlejanna, et on \u00fcks m\u00e4rksa ulatuslikum protseduur, mida ta tegelikult proovida tahaks. Selleks on p\u00f5sepiirkonna rasvkoe eemaldamine.<\/p>\n<p>\u201eMa tahaksin v\u00e4ga teha p\u00f5sepiirkonna rasvkoe eemaldamise. Ma ei saa seda teha, sest k\u00f5ik saaksid aru, et ma olen seda teinud. Aga teadke lihtsalt, et ma tahaksin seda,\u201c \u00fctles Lawrence.<\/p>\n<p>P\u00f5sepiirkonna rasvkoe eemaldamise eesm\u00e4rk on muuta p\u00f5sed v\u00e4hem t\u00e4idlaseks ning anda n\u00e4ole selgem ja nurgelisem kontuur.<\/p>\n<p>Kuidas see lugu Sind end tundma pani?Saada<a href=\"https:\/\/kroonika.delfi.ee\/artikkel\/120608532\/jennifer-lawrence-avaldas-oma-noorusliku-valimuse-saladuse-ma-ei-saa-seda-palju-teha\/kommentaarid\" class=\"button button--primary button--size-auto article-body-bottom__comment article-body-bottom__comment--write\" style=\"\" rel=\"nofollow noopener\" target=\"_blank\">Kommenteeri<\/a><a href=\"https:\/\/kroonika.delfi.ee\/artikkel\/120608532\/jennifer-lawrence-avaldas-oma-noorusliku-valimuse-saladuse-ma-ei-saa-seda-palju-teha\/kommentaarid\" class=\"button button--size-auto article-body-bottom__comment article-body-bottom__comment--read\" style=\"\" rel=\"nofollow noopener\" target=\"_blank\">Loe kommentaare (1)<\/a><\/p>\n","protected":false},"excerpt":{"rendered":"Jennifer Lawrence (36) on aastaid p\u00e4lvinud t\u00e4helepanu oma muutumatuna n\u00e4iva v\u00e4limusega. Ajakirjale Vogue antud intervjuus r\u00e4\u00e4kis n\u00e4itlejanna avameelselt&hellip;\n","protected":false},"author":2,"featured_media":268772,"comment_status":"","ping_status":"","sticky":false,"template":"","format":"standard","meta":{"footnotes":"","_share_on_mastodon":"0"},"categories":[91],"tags":[240,37,33,35,173,34,36,15583,241,140],"class_list":["post-268771","post","type-post","status-publish","format-standard","has-post-thumbnail","category-kuulsused","tag-celebrities","tag-ee","tag-eesti","tag-eesti-keel","tag-entertainment","tag-estonia","tag-estonian","tag-jennifer-lawrence","tag-kuulsused","tag-meelelahutus"],"share_on_mastodon":{"url":"https:\/\/pubeurope.com\/@ee\/117214870538406946","error":""},"_links":{"self":[{"href":"https:\/\/www.europesays.com\/ee\/wp-json\/wp\/v2\/posts\/268771","targetHints":{"allow":["GET"]}}],"collection":[{"href":"https:\/\/www.europesays.com\/ee\/wp-json\/wp\/v2\/posts"}],"about":[{"href":"https:\/\/www.europesays.com\/ee\/wp-json\/wp\/v2\/types\/post"}],"author":[{"embeddable":true,"href":"https:\/\/www.europesays.com\/ee\/wp-json\/wp\/v2\/users\/2"}],"replies":[{"embeddable":true,"href":"https:\/\/www.europesays.com\/ee\/wp-json\/wp\/v2\/comments?post=268771"}],"version-history":[{"count":0,"href":"https:\/\/www.europesays.com\/ee\/wp-json\/wp\/v2\/posts\/268771\/revisions"}],"wp:featuredmedia":[{"embeddable":true,"href":"https:\/\/www.europesays.com\/ee\/wp-json\/wp\/v2\/media\/268772"}],"wp:attachment":[{"href":"https:\/\/www.europesays.com\/ee\/wp-json\/wp\/v2\/media?parent=268771"}],"wp:term":[{"taxonomy":"category","embeddable":true,"href":"https:\/\/www.europesays.com\/ee\/wp-json\/wp\/v2\/categories?post=268771"},{"taxonomy":"post_tag","embeddable":true,"href":"https:\/\/www.europesays.com\/ee\/wp-json\/wp\/v2\/tags?post=268771"}],"curies":[{"name":"wp","href":"https:\/\/api.w.org\/{rel}","templated":true}]}}