{"id":268795,"date":"2026-09-05T00:05:13","date_gmt":"2026-09-05T00:05:13","guid":{"rendered":"https:\/\/www.europesays.com\/ee\/268795\/"},"modified":"2026-09-05T00:05:13","modified_gmt":"2026-09-05T00:05:13","slug":"nadala-vihm-%e2%9f%a9-sajandi-sadu-uputas-autosid-postimees","status":"publish","type":"post","link":"https:\/\/www.europesays.com\/ee\/268795\/","title":{"rendered":"N\u00c4DALA VIHM \u27e9 Sajandi sadu uputas autosid &#8211; Postimees"},"content":{"rendered":"<ol>\n<li><a href=\"https:\/\/news.google.com\/rss\/articles\/CBMigAFBVV95cUxOdmJKSnp5eFl5OHhRSmxmQVNfLW5pX21tMnoycDRoTkhsZUV4eTdzMWxVVFFwYUxld1phREt5MThTb3l2OE5EMlNWNFd6TjE4VWVGdzJBTnp4bk1PbGluMTNOYTlrb2hWNm4xVXRzaDBwMlV4NHlGaTFSOEs2UHJ4Qg?oc=5\" target=\"_blank\" rel=\"nofollow noopener\">N\u00c4DALA VIHM \u27e9 Sajandi sadu uputas autosid<\/a>&nbsp;&nbsp;Postimees<\/li>\n<li><a href=\"https:\/\/news.google.com\/rss\/articles\/CBMiswFBVV95cUxNbGwydjRpWkJ1VURYVGdhRnFDUWV1T1BReERvbU1BdzRmNGZWS1lmTldBQ0ZjeVZYdzFrVmN4ejk2enBibG5fR3FBTkJQU0xNQUU5THVLXzFtb3E5RDBqSWdnR24tTV9raWRld2F1QnVHMUNYYXIzVzFWTk91MmJFVDhfcVdUWUUtWHIyNkZPQWcwS2toZG84LWtia1hNLXQ5amc2MmtZSUo1X3hRLW40ZWtEbw?oc=5\" target=\"_blank\" rel=\"nofollow noopener\">VIDEO ja FOTOD | P\u00e4rnu on \u00fcle ujutatud, autod ja majad upuvad. Linn tegeleb tagaj\u00e4rgedega<\/a>&nbsp;&nbsp;Maaleht<\/li>\n<li><a href=\"https:\/\/news.google.com\/rss\/articles\/CBMikwFBVV95cUxOZ2d0WVh5dng3eTl2QkxtQ1VmbjIzMzNETkdfX0tIU2poTV9rZ2d2R1lubS1FVmcybHJsbGpjT2hOeHNwZ2k0ZUlaaTVJcnJGWlRUQ1R0Z2ZXX1dzd1JyLVl2SnN2U1QyZWtzc0NvMVE1VjBZbUkxMTJCRHRkSzR2OTFrUkROT3JwZE04d2FnOGN2dTQ?oc=5\" target=\"_blank\" rel=\"nofollow noopener\">VIDEO JA PILDID \u27e9 Suur sajuhoog ujutas ka Tartu t\u00e4navaid<\/a>&nbsp;&nbsp;Tartu Postimees<\/li>\n<li><a href=\"https:\/\/news.google.com\/rss\/articles\/CBMie0FVX3lxTE5nQlF4WVUwb3hxTkhULUprNkNtZ3hwSWU3VFlfZzVnbjVlRms3dEJpZ3pGbWJnd3ZqX0ItaGF2Z1pvQXNwZlFPV0VINGFjREFtMjVyUDZVczNOX3VhZzJsVnRwTDRkZ0NtNk1Kd2xwMUVQYTh4cS1VeWFVQQ?oc=5\" target=\"_blank\" rel=\"nofollow noopener\">Paduvihm uputas P\u00e4rnu t\u00e4navad<\/a>&nbsp;&nbsp;\u00c4rip\u00e4ev<\/li>\n<li><a href=\"https:\/\/news.google.com\/rss\/articles\/CBMioAFBVV95cUxNNFE5QmVfQzhxMTFKNjgzN2JWNHh1eExLRFJJUU81V3JidXVuTVpUdWstdlZUQnl1b2ZXUmpPYURXM25MbHN2ZHVFRkJ1aEE4eUUza0xuclVHYk9LUW1naTNydlc2UHBlcFBtS0NIeG0wcU44WTVGUzRlb3FEbXVOcjNvdTM4V00wWGVCbGdLcDJUb0NrMXBwWHZtRW5TdEgx?oc=5\" target=\"_blank\" rel=\"nofollow noopener\">TV3 uudised: P\u00e4rnu uputab! Linnav\u00f5im: meil on h\u00e4daolukord<\/a>&nbsp;&nbsp;tv3.ee<\/li>\n<\/ol>\n","protected":false},"excerpt":{"rendered":"N\u00c4DALA VIHM \u27e9 Sajandi sadu uputas autosid&nbsp;&nbsp;Postimees VIDEO ja FOTOD | P\u00e4rnu on \u00fcle ujutatud, autod ja majad&hellip;\n","protected":false},"author":2,"featured_media":268796,"comment_status":"","ping_status":"","sticky":false,"template":"","format":"standard","meta":{"footnotes":"","_share_on_mastodon":"0"},"categories":[12],"tags":[103956,26,27,37,33,35,34,36,31,32,21,7876,56063,28,29,10098,19,8294,1421,25,103955,23,24,850,103957,22,10518,20,30],"class_list":["post-268795","post","type-post","status-publish","format-standard","has-post-thumbnail","category-eesti","tag-abimeetmed","tag-breaking-news","tag-breakingnews","tag-ee","tag-eesti","tag-eesti-keel","tag-estonia","tag-estonian","tag-featured-news","tag-featurednews","tag-headlines","tag-kohalik-omavalitsus","tag-kriisijuhtimine","tag-latest-news","tag-latestnews","tag-linnaplaneerimine","tag-news","tag-paduvihm","tag-parnu","tag-populaarseimad-lood","tag-sademeveesusteem","tag-top-stories","tag-topstories","tag-torm","tag-tulevikuriskid","tag-uldised-uudised","tag-uleujutus","tag-uudised","tag-viimased-uudised"],"share_on_mastodon":{"url":"https:\/\/pubeurope.com\/@ee\/117215515286108632","error":""},"_links":{"self":[{"href":"https:\/\/www.europesays.com\/ee\/wp-json\/wp\/v2\/posts\/268795","targetHints":{"allow":["GET"]}}],"collection":[{"href":"https:\/\/www.europesays.com\/ee\/wp-json\/wp\/v2\/posts"}],"about":[{"href":"https:\/\/www.europesays.com\/ee\/wp-json\/wp\/v2\/types\/post"}],"author":[{"embeddable":true,"href":"https:\/\/www.europesays.com\/ee\/wp-json\/wp\/v2\/users\/2"}],"replies":[{"embeddable":true,"href":"https:\/\/www.europesays.com\/ee\/wp-json\/wp\/v2\/comments?post=268795"}],"version-history":[{"count":0,"href":"https:\/\/www.europesays.com\/ee\/wp-json\/wp\/v2\/posts\/268795\/revisions"}],"wp:featuredmedia":[{"embeddable":true,"href":"https:\/\/www.europesays.com\/ee\/wp-json\/wp\/v2\/media\/268796"}],"wp:attachment":[{"href":"https:\/\/www.europesays.com\/ee\/wp-json\/wp\/v2\/media?parent=268795"}],"wp:term":[{"taxonomy":"category","embeddable":true,"href":"https:\/\/www.europesays.com\/ee\/wp-json\/wp\/v2\/categories?post=268795"},{"taxonomy":"post_tag","embeddable":true,"href":"https:\/\/www.europesays.com\/ee\/wp-json\/wp\/v2\/tags?post=268795"}],"curies":[{"name":"wp","href":"https:\/\/api.w.org\/{rel}","templated":true}]}}