{"id":268815,"date":"2026-09-05T03:00:12","date_gmt":"2026-09-05T03:00:12","guid":{"rendered":"https:\/\/www.europesays.com\/ee\/268815\/"},"modified":"2026-09-05T03:00:12","modified_gmt":"2026-09-05T03:00:12","slug":"uro-pooldas-aafrika-tegelikku-suurust-peegeldava-maailmakaardi-kasutuselevottu","status":"publish","type":"post","link":"https:\/\/www.europesays.com\/ee\/268815\/","title":{"rendered":"\u00dcRO pooldas Aafrika tegelikku suurust peegeldava maailmakaardi kasutuselev\u00f5ttu"},"content":{"rendered":"<p><a rel=\"noopener nofollow\" target=\"_blank\" href=\"https:\/\/www.delfi.ee\/teema\/56940944\/togo\" tag-id=\"56940944\">Togo<\/a> esitatud ja Aafrika Liidu liikmete toetatud resolutsioon v\u00f5eti \u00dcRO Peaassambleel vastu 164 poolt- ja \u00fche vastuh\u00e4\u00e4lega, kuus riiki j\u00e4id erapooletuks. Ainukese riigina h\u00e4\u00e4letas vastu USA, kelle s\u00f5nul edendab see ideoloogilist tegevuskava ja juhib t\u00e4helepanu k\u00f5rvale rahvusvahelise rahu, heaolu ja heade suhete tegelikelt probleemidelt.<\/p>\n<p>Resolutsioon ei ole \u00f5iguslikult siduv ega sea mingil moel kahtluse alla Mercatori kaardi kasutamist mere- ja \u00f5hunavigatsioonis, teatas Togo v\u00e4lisministeerium.<\/p>\n<p>Mercatori kaardi kujundas 1569. aastal flaami kartograaf Gerardus Mercator, et aidata Euroopa maadeavastajatel maailmas ringi liikuda. Maakera pinda on aga kahem\u00f5\u00f5tmeliselt v\u00f5imatu t\u00e4pselt kujutada. Maa kumeruse t\u00f5ttu n\u00e4itab Mercatori kaart ekvaatori l\u00e4hedal asuvaid riike tegelikust v\u00e4iksemana, poolustele l\u00e4hemale j\u00e4\u00e4vaid riike aga suuremana. See t\u00e4hendab, et Gr\u00f6\u00f6nimaa n\u00e4ib kaardil sama suur kui Aafrika, kuigi tegelikult on Aafrika mander sellest ligi 14 korda suurem.<\/p>\n<p>Mercatori kaarti on moonutuse t\u00f5ttu laialdaselt kritiseeritud. Kriitikute v\u00e4itel tingib see olukorra, kus ekvaatori l\u00e4hedal asuvate riikide arenguvajadusi ja potentsiaali pisendatakse. Moonutuste parandamiseks l\u00f5i kartograafide meeskond 2018. aastal v\u00f5rdse pindalaga kaardi, mida nimetatakse V\u00f5rdse Maa projektsiooniks.<\/p>\n<p>Mercatori kaarti kasutatakse laialdaselt koolides \u00fcle maailma, kuid Togo loodab need oma koolides aasta l\u00f5puks v\u00e4lja vahetada. \u201eTogost saab esimene riik, mis oma geograafia\u00f5pikuid muudab,\u201c \u00fctles Togo v\u00e4lisminister Robert Dussey, kelle s\u00f5nul v\u00f5iks samm olla eeskujuks k\u00f5ikidele maailma riikidele.<\/p>\n<p>J\u00e4rgmiseks kohtutakse Aafrika Liidu liikmesriikide ja teiste piirkonna toetajatega, et edendada uue kaardi kasutuselev\u00f5ttu, lisas Dussey. Hiljem plaanitakse kaasata aruteludesse ka ettev\u00f5tted, kes haldavad asukohap\u00f5hiseid tehnoloogiaid.<\/p>\n<p>Kuidas see lugu Sind end tundma pani?Saada<a href=\"https:\/\/www.delfi.ee\/artikkel\/120608542\/uro-pooldas-aafrika-tegelikku-suurust-peegeldava-maailmakaardi-kasutuselevottu\/kommentaarid\" class=\"button button--primary button--size-auto article-body-bottom__comment article-body-bottom__comment--write\" style=\"\" rel=\"nofollow noopener\" target=\"_blank\">Kommenteeri<\/a><a href=\"https:\/\/www.delfi.ee\/artikkel\/120608542\/uro-pooldas-aafrika-tegelikku-suurust-peegeldava-maailmakaardi-kasutuselevottu\/kommentaarid\" class=\"button button--size-auto article-body-bottom__comment article-body-bottom__comment--read\" style=\"\" rel=\"nofollow noopener\" target=\"_blank\">Loe kommentaare (11)<\/a><\/p>\n","protected":false},"excerpt":{"rendered":"Togo esitatud ja Aafrika Liidu liikmete toetatud resolutsioon v\u00f5eti \u00dcRO Peaassambleel vastu 164 poolt- ja \u00fche vastuh\u00e4\u00e4lega, kuus&hellip;\n","protected":false},"author":2,"featured_media":268816,"comment_status":"","ping_status":"","sticky":false,"template":"","format":"standard","meta":{"footnotes":"","_share_on_mastodon":"0"},"categories":[80],"tags":[1114,26,27,37,33,35,34,36,31,32,21,28,29,95,19,25,13217,23,24,22,795,20,30,92,93,94],"class_list":["post-268815","post","type-post","status-publish","format-standard","has-post-thumbnail","category-maailm","tag-aafrika","tag-breaking-news","tag-breakingnews","tag-ee","tag-eesti","tag-eesti-keel","tag-estonia","tag-estonian","tag-featured-news","tag-featurednews","tag-headlines","tag-latest-news","tag-latestnews","tag-maailm","tag-news","tag-populaarseimad-lood","tag-togo","tag-top-stories","tag-topstories","tag-uldised-uudised","tag-uro","tag-uudised","tag-viimased-uudised","tag-world","tag-world-news","tag-worldnews"],"share_on_mastodon":{"url":"https:\/\/pubeurope.com\/@ee\/117216203411592480","error":""},"_links":{"self":[{"href":"https:\/\/www.europesays.com\/ee\/wp-json\/wp\/v2\/posts\/268815","targetHints":{"allow":["GET"]}}],"collection":[{"href":"https:\/\/www.europesays.com\/ee\/wp-json\/wp\/v2\/posts"}],"about":[{"href":"https:\/\/www.europesays.com\/ee\/wp-json\/wp\/v2\/types\/post"}],"author":[{"embeddable":true,"href":"https:\/\/www.europesays.com\/ee\/wp-json\/wp\/v2\/users\/2"}],"replies":[{"embeddable":true,"href":"https:\/\/www.europesays.com\/ee\/wp-json\/wp\/v2\/comments?post=268815"}],"version-history":[{"count":0,"href":"https:\/\/www.europesays.com\/ee\/wp-json\/wp\/v2\/posts\/268815\/revisions"}],"wp:featuredmedia":[{"embeddable":true,"href":"https:\/\/www.europesays.com\/ee\/wp-json\/wp\/v2\/media\/268816"}],"wp:attachment":[{"href":"https:\/\/www.europesays.com\/ee\/wp-json\/wp\/v2\/media?parent=268815"}],"wp:term":[{"taxonomy":"category","embeddable":true,"href":"https:\/\/www.europesays.com\/ee\/wp-json\/wp\/v2\/categories?post=268815"},{"taxonomy":"post_tag","embeddable":true,"href":"https:\/\/www.europesays.com\/ee\/wp-json\/wp\/v2\/tags?post=268815"}],"curies":[{"name":"wp","href":"https:\/\/api.w.org\/{rel}","templated":true}]}}