{"id":268817,"date":"2026-09-05T03:11:11","date_gmt":"2026-09-05T03:11:11","guid":{"rendered":"https:\/\/www.europesays.com\/ee\/268817\/"},"modified":"2026-09-05T03:11:11","modified_gmt":"2026-09-05T03:11:11","slug":"trump-iraani-konfliktist-see-on-meie-jaoks-tuhi-tahi-ja-mitte-toeline-soda","status":"publish","type":"post","link":"https:\/\/www.europesays.com\/ee\/268817\/","title":{"rendered":"Trump Iraani konfliktist: see on meie jaoks t\u00fchi-t\u00e4hi ja mitte t\u00f5eline s\u00f5da"},"content":{"rendered":"<p>Neljap\u00e4eval pressikonverentsi pidanud Vance\u2019ilt k\u00fcsiti, kas s\u00f5da <a rel=\"noopener nofollow\" target=\"_blank\" href=\"https:\/\/www.delfi.ee\/teema\/24129493\/iraan\" tag-id=\"24129493\">Iraaniga<\/a> v\u00f5iks l\u00f5ppeda novembris toimuvateks vahevalimisteks, kus vabariiklased \u00fcritavad s\u00e4ilitada oma enamust Kongressis. \u201eMina seda s\u00f5jaks ei nimetaks. Praegu seal aktiivset lahingutegevust ei toimu,\u201c vastas Vance.<\/p>\n<p>P\u00e4ev hiljem k\u00fcsisid ajakirjanikud Trumpilt kommentaari Vance\u2019i seisukoha kohta. Trump n\u00e4is p\u00fc\u00fcdvat pisendada s\u00f5ja intensiivsust, m\u00e4rkides, et USA r\u00fcnnakud Iraanile on n\u00fc\u00fcdseks muutunud hootisteks.<\/p>\n<p>\u201eMa m\u00f5istan, mida ta silmas peab,\u201c \u00fctles Trump. \u201eMina nimetan seda s\u00f5jaliseks konfliktiks, sest meie jaoks on see t\u00fchi-t\u00e4hi. See pole midagi suurt.\u201c<\/p>\n<p>Trump lisas, et USA hukkunute arv Iraani konfliktis on v\u00e4iksem kui m\u00f5nes teises hiljutises USA s\u00f5jas. \u201eMe tegime Venezuela ja tegime selle. Venezuelas ei kaotanud me kedagi,\u201c s\u00f5nas ta, viidates USA jaanuarikuisele haarangule, mille k\u00e4igus v\u00f5eti vahi alla riigi endine juht Nicol\u00e1s Maduro.<\/p>\n<p>\u201eSiin oleme kaotanud 18 inimest. Vietnamis kaotasime aga 100 000 inimest. Ja teistes konfliktides oleme kaotanud k\u00fcmneid tuhandeid inimesi,\u201c v\u00e4itis Trump. USA rahvusarhiivi andmetel hukkus Vietnami s\u00f5jas kokku 58 220 USA relvaj\u00f5udude liiget.<\/p>\n<p>Vastuseks ajakirjaniku k\u00fcsimusele, kuidas saab USA s\u00f5durite elu n\u00f5udnud s\u00f5da kirjeldada t\u00fchisena, kordas Trump v\u00e4idet, et vaenutegevus on Iraani tuumaprogrammi halvanud. \u201eIraan ei saa endale tuumarelva, sest kui neil see oleks, siis te t\u00f5en\u00e4oliselt ei seisaks praegu siin,\u201c lisas ta.<\/p>\n<p>Kuidas see lugu Sind end tundma pani?Saada<a href=\"https:\/\/www.delfi.ee\/artikkel\/120608539\/trump-iraani-konfliktist-see-on-meie-jaoks-tuhi-tahi-ja-mitte-toeline-soda\/kommentaarid\" class=\"button button--primary button--size-auto article-body-bottom__comment article-body-bottom__comment--write\" style=\"\" rel=\"nofollow noopener\" target=\"_blank\">Kommenteeri<\/a><a href=\"https:\/\/www.delfi.ee\/artikkel\/120608539\/trump-iraani-konfliktist-see-on-meie-jaoks-tuhi-tahi-ja-mitte-toeline-soda\/kommentaarid\" class=\"button button--size-auto article-body-bottom__comment article-body-bottom__comment--read\" style=\"\" rel=\"nofollow noopener\" target=\"_blank\">Loe kommentaare (12)<\/a><\/p>\n","protected":false},"excerpt":{"rendered":"Neljap\u00e4eval pressikonverentsi pidanud Vance\u2019ilt k\u00fcsiti, kas s\u00f5da Iraaniga v\u00f5iks l\u00f5ppeda novembris toimuvateks vahevalimisteks, kus vabariiklased \u00fcritavad s\u00e4ilitada oma&hellip;\n","protected":false},"author":2,"featured_media":268818,"comment_status":"","ping_status":"","sticky":false,"template":"","format":"standard","meta":{"footnotes":"","_share_on_mastodon":"0"},"categories":[80],"tags":[26,27,324,37,33,35,34,36,31,32,21,1925,12879,55505,28,29,95,19,25,23,24,22,325,20,30,92,93,94],"class_list":["post-268817","post","type-post","status-publish","format-standard","has-post-thumbnail","category-maailm","tag-breaking-news","tag-breakingnews","tag-donald-trump","tag-ee","tag-eesti","tag-eesti-keel","tag-estonia","tag-estonian","tag-featured-news","tag-featurednews","tag-headlines","tag-iraan","tag-j-d-vance","tag-lahis-ida-soda","tag-latest-news","tag-latestnews","tag-maailm","tag-news","tag-populaarseimad-lood","tag-top-stories","tag-topstories","tag-uldised-uudised","tag-usa","tag-uudised","tag-viimased-uudised","tag-world","tag-world-news","tag-worldnews"],"share_on_mastodon":{"url":"https:\/\/pubeurope.com\/@ee\/117216246673582365","error":""},"_links":{"self":[{"href":"https:\/\/www.europesays.com\/ee\/wp-json\/wp\/v2\/posts\/268817","targetHints":{"allow":["GET"]}}],"collection":[{"href":"https:\/\/www.europesays.com\/ee\/wp-json\/wp\/v2\/posts"}],"about":[{"href":"https:\/\/www.europesays.com\/ee\/wp-json\/wp\/v2\/types\/post"}],"author":[{"embeddable":true,"href":"https:\/\/www.europesays.com\/ee\/wp-json\/wp\/v2\/users\/2"}],"replies":[{"embeddable":true,"href":"https:\/\/www.europesays.com\/ee\/wp-json\/wp\/v2\/comments?post=268817"}],"version-history":[{"count":0,"href":"https:\/\/www.europesays.com\/ee\/wp-json\/wp\/v2\/posts\/268817\/revisions"}],"wp:featuredmedia":[{"embeddable":true,"href":"https:\/\/www.europesays.com\/ee\/wp-json\/wp\/v2\/media\/268818"}],"wp:attachment":[{"href":"https:\/\/www.europesays.com\/ee\/wp-json\/wp\/v2\/media?parent=268817"}],"wp:term":[{"taxonomy":"category","embeddable":true,"href":"https:\/\/www.europesays.com\/ee\/wp-json\/wp\/v2\/categories?post=268817"},{"taxonomy":"post_tag","embeddable":true,"href":"https:\/\/www.europesays.com\/ee\/wp-json\/wp\/v2\/tags?post=268817"}],"curies":[{"name":"wp","href":"https:\/\/api.w.org\/{rel}","templated":true}]}}