{"id":268819,"date":"2026-09-05T03:22:24","date_gmt":"2026-09-05T03:22:24","guid":{"rendered":"https:\/\/www.europesays.com\/ee\/268819\/"},"modified":"2026-09-05T03:22:24","modified_gmt":"2026-09-05T03:22:24","slug":"verine-atentaat-%e2%9f%a9-kiievi-lastehaigla-runnakus-suudistatud-vene-kindralit-tulistati-nakku","status":"publish","type":"post","link":"https:\/\/www.europesays.com\/ee\/268819\/","title":{"rendered":"VERINE ATENTAAT \u27e9 Kiievi lastehaigla r\u00fcnnakus s\u00fc\u00fcdistatud Vene kindralit tulistati n\u00e4kku"},"content":{"rendered":"<p>Vene kindralmajor Nikolai Varpahhovit\u0161i tulistati Saratovi oblastis Engelsis tema eramaja juures, vahendab Briti v\u00e4ljaanne <a target=\"_blank\" rel=\"noopener noreferrer nofollow\" href=\"https:\/\/www.thetimes.com\/world\/russia-ukraine-war\/article\/russian-major-general-nikolai-varpakhovich-shot-kyiv-childrens-hospital-ssv3bfz80\">The Times<\/a>.<\/p>\n<p>Meedia andmetel saabus maja juurde kiivrit kandnud tundmatu mootorrattur ja avas tule. S\u00f5ltumatu Vene v\u00e4ljaande SotaVision andmetel tabasid esimesed lasud kindralit \u00fclakehasse, seej\u00e4rel tulistati teda n\u00e4kku.<\/p>\n<p>R\u00fcnnakus sai haavata ka kindrali autojuht.<\/p>\n<p>Vene meedia teatel j\u00e4i Varpahhovit\u0161 ellu, kuid tema seisund oli kriitiline. Kindralit valmistati ette erilennukiga Moskvasse transportimiseks.<\/p>\n<p>Ukraina: just tema andis k\u00e4su<\/p>\n<p>Varpahhovit\u0161i nimi on Ukrainas seotud \u00fche Venemaa s\u00f5ja enim t\u00e4helepanu p\u00e4lvinud r\u00fcnnakuga.<\/p>\n<p>Ukraina julgeolekuteenistuse SBU v\u00e4itel on kogutud t\u00f5endeid, mille kohaselt oli Varpahhovit\u0161 seotud 8. juulil 2024 Kiievis asuva Ohmatd\u00f5ti lastehaigla vastu korraldatud raketir\u00fcnnakuga ning andis k\u00e4su selle elluviimiseks.<\/p>\n<p>Haiglat tabas Vene tiibrakett, mis oli v\u00e4lja tulistatud strateegiliselt pommitajalt Tu-95MS.<\/p>\n<p>R\u00fcnnaku ajal viibis lastehaiglas \u00fcle 600 patsiendi. Surma sai kaks inimest, neist \u00fcks arst, ning k\u00fcmned inimesed said vigastusi.<\/p>\n<p>Rakett h\u00e4vitas t\u00e4ielikult haigla toksikoloogiaosakonna ja kahjustas veel nelja hoonet. Kannatada said ruumid, kus opereeriti lapsi ning raviti v\u00e4hihaigeid.<\/p>\n<p>N\u00fc\u00fcd, veidi enam kui kaks aastat p\u00e4rast Kiievi lastehaigla r\u00fcndamist, tulistati selle korraldamisega Ukraina poolt seostatud Vene kindralit tema enda kodu ees.<\/p>\n<p>Kes Varpahhovit\u0161i tappa \u00fcritas ja kas tulistamine oli seotud Ukraina s\u00f5jaga, pole praegu teada.<\/p>\n","protected":false},"excerpt":{"rendered":"Vene kindralmajor Nikolai Varpahhovit\u0161i tulistati Saratovi oblastis Engelsis tema eramaja juures, vahendab Briti v\u00e4ljaanne The Times. Meedia andmetel&hellip;\n","protected":false},"author":2,"featured_media":268820,"comment_status":"","ping_status":"","sticky":false,"template":"","format":"standard","meta":{"footnotes":"","_share_on_mastodon":"0"},"categories":[80],"tags":[26,27,37,33,35,137,152,153,151,34,36,31,32,148,21,154,142,28,29,143,95,140,144,19,141,146,25,147,145,138,150,155,139,23,24,22,20,149,30,92,93,94],"class_list":["post-268819","post","type-post","status-publish","format-standard","has-post-thumbnail","category-maailm","tag-breaking-news","tag-breakingnews","tag-ee","tag-eesti","tag-eesti-keel","tag-elu","tag-elu-24","tag-elu24-ee","tag-erna-husko","tag-estonia","tag-estonian","tag-featured-news","tag-featurednews","tag-foto","tag-headlines","tag-koroonaviirus","tag-kuulsus","tag-latest-news","tag-latestnews","tag-live","tag-maailm","tag-meelelahutus","tag-muusika","tag-news","tag-pidu","tag-pommuudis","tag-populaarseimad-lood","tag-reality","tag-saade","tag-saagim","tag-seks","tag-silvia-ilves","tag-staar","tag-top-stories","tag-topstories","tag-uldised-uudised","tag-uudised","tag-video","tag-viimased-uudised","tag-world","tag-world-news","tag-worldnews"],"share_on_mastodon":{"url":"","error":"Validation failed: Text character limit of 500 exceeded"},"_links":{"self":[{"href":"https:\/\/www.europesays.com\/ee\/wp-json\/wp\/v2\/posts\/268819","targetHints":{"allow":["GET"]}}],"collection":[{"href":"https:\/\/www.europesays.com\/ee\/wp-json\/wp\/v2\/posts"}],"about":[{"href":"https:\/\/www.europesays.com\/ee\/wp-json\/wp\/v2\/types\/post"}],"author":[{"embeddable":true,"href":"https:\/\/www.europesays.com\/ee\/wp-json\/wp\/v2\/users\/2"}],"replies":[{"embeddable":true,"href":"https:\/\/www.europesays.com\/ee\/wp-json\/wp\/v2\/comments?post=268819"}],"version-history":[{"count":0,"href":"https:\/\/www.europesays.com\/ee\/wp-json\/wp\/v2\/posts\/268819\/revisions"}],"wp:featuredmedia":[{"embeddable":true,"href":"https:\/\/www.europesays.com\/ee\/wp-json\/wp\/v2\/media\/268820"}],"wp:attachment":[{"href":"https:\/\/www.europesays.com\/ee\/wp-json\/wp\/v2\/media?parent=268819"}],"wp:term":[{"taxonomy":"category","embeddable":true,"href":"https:\/\/www.europesays.com\/ee\/wp-json\/wp\/v2\/categories?post=268819"},{"taxonomy":"post_tag","embeddable":true,"href":"https:\/\/www.europesays.com\/ee\/wp-json\/wp\/v2\/tags?post=268819"}],"curies":[{"name":"wp","href":"https:\/\/api.w.org\/{rel}","templated":true}]}}