{"id":268885,"date":"2026-09-05T06:05:10","date_gmt":"2026-09-05T06:05:10","guid":{"rendered":"https:\/\/www.europesays.com\/ee\/268885\/"},"modified":"2026-09-05T06:05:10","modified_gmt":"2026-09-05T06:05:10","slug":"mourinho-kas-maailma-suurim-ego-mahub-telesarja","status":"publish","type":"post","link":"https:\/\/www.europesays.com\/ee\/268885\/","title":{"rendered":"\u00abMourinho\u00bb \u2013 kas maailma suurim ego mahub telesarja?"},"content":{"rendered":"<p class=\"Paragraph SCXW222815072 BCX0\">Jalgpallif\u00e4nnidele Jos\u00e9 Mourinho tutvustamist ei vaja, teistele olgu taustaks korratud \u00fcle p\u00f5hiline. Tegemist on Portugali treeneriga, kes p\u00e4lvis \u00fcleilmse t\u00e4helepanu 2004. aastal, kui vedas kodumaa v\u00f5istkonna FC Porto maailma ihaldatuima klubitiitli, Meistrite Liiga v\u00f5iduni. Tuhkatriinuloo tuules palgati ta uusrikka Londoni klubi Chelsea etteotsa, kus mehest sai Briti meedia lemmikstaar, isetituleeritud \u00abv\u00e4ljavalitu\u00bb.<\/p>\n","protected":false},"excerpt":{"rendered":"Jalgpallif\u00e4nnidele Jos\u00e9 Mourinho tutvustamist ei vaja, teistele olgu taustaks korratud \u00fcle p\u00f5hiline. Tegemist on Portugali treeneriga, kes p\u00e4lvis&hellip;\n","protected":false},"author":2,"featured_media":268886,"comment_status":"","ping_status":"","sticky":false,"template":"","format":"standard","meta":{"footnotes":"","_share_on_mastodon":"0"},"categories":[18],"tags":[194,180,186,37,33,35,199,182,181,34,36,183,193,178,176,190,185,184,187,191,195,201,198,188,179,189,192,159,158,177,196,200,197],"class_list":["post-268885","post","type-post","status-publish","format-standard","has-post-thumbnail","category-sport","tag-arhitektuur","tag-arvustus","tag-draamateater","tag-ee","tag-eesti","tag-eesti-keel","tag-endla","tag-esietendus","tag-esilinastus","tag-estonia","tag-estonian","tag-etendus","tag-graafika","tag-kirjandus","tag-kultuur","tag-kunst","tag-lava","tag-lavastus","tag-linnateater","tag-maal","tag-naitus","tag-novel","tag-nuku","tag-ooper","tag-raamat","tag-rahvusooper","tag-skulptuur","tag-sport","tag-sports","tag-teater","tag-ugala","tag-vaba-lava","tag-vanemuine"],"share_on_mastodon":{"url":"https:\/\/pubeurope.com\/@ee\/117216931045052747","error":""},"_links":{"self":[{"href":"https:\/\/www.europesays.com\/ee\/wp-json\/wp\/v2\/posts\/268885","targetHints":{"allow":["GET"]}}],"collection":[{"href":"https:\/\/www.europesays.com\/ee\/wp-json\/wp\/v2\/posts"}],"about":[{"href":"https:\/\/www.europesays.com\/ee\/wp-json\/wp\/v2\/types\/post"}],"author":[{"embeddable":true,"href":"https:\/\/www.europesays.com\/ee\/wp-json\/wp\/v2\/users\/2"}],"replies":[{"embeddable":true,"href":"https:\/\/www.europesays.com\/ee\/wp-json\/wp\/v2\/comments?post=268885"}],"version-history":[{"count":0,"href":"https:\/\/www.europesays.com\/ee\/wp-json\/wp\/v2\/posts\/268885\/revisions"}],"wp:featuredmedia":[{"embeddable":true,"href":"https:\/\/www.europesays.com\/ee\/wp-json\/wp\/v2\/media\/268886"}],"wp:attachment":[{"href":"https:\/\/www.europesays.com\/ee\/wp-json\/wp\/v2\/media?parent=268885"}],"wp:term":[{"taxonomy":"category","embeddable":true,"href":"https:\/\/www.europesays.com\/ee\/wp-json\/wp\/v2\/categories?post=268885"},{"taxonomy":"post_tag","embeddable":true,"href":"https:\/\/www.europesays.com\/ee\/wp-json\/wp\/v2\/tags?post=268885"}],"curies":[{"name":"wp","href":"https:\/\/api.w.org\/{rel}","templated":true}]}}