{"id":268889,"date":"2026-09-05T06:08:11","date_gmt":"2026-09-05T06:08:11","guid":{"rendered":"https:\/\/www.europesays.com\/ee\/268889\/"},"modified":"2026-09-05T06:08:11","modified_gmt":"2026-09-05T06:08:11","slug":"rein-veidemann-algustest-uleminekutest-ja-jargnevusest-eluilmast-omailma-edasi","status":"publish","type":"post","link":"https:\/\/www.europesays.com\/ee\/268889\/","title":{"rendered":"Rein Veidemann: algustest, \u00fcleminekutest ja j\u00e4rgnevusest. &#8220;Eluilmast omailma&#8221; \u2013 Edasi"},"content":{"rendered":"<p>\t\t\t<img loading=\"lazy\" width=\"1024\" height=\"576\" src=\"data:image\/svg+xml,%3Csvg%20xmlns=\" http:=\"\" class=\"attachment-hive-single-image size-hive-single-image wp-post-image\" alt=\"\" decoding=\"async\" data-lazy- data-lazy- data-attachment-id=\"279331\" data-permalink=\"https:\/\/edasi.org\/279328\/rein-veidemann-algustest-uleminekutest-ja-jargnevusest-eluilmast-omailma\/asset-generation-d697a2e7-a43a-415a-9962-326910e6405e-0\/\" data-orig-file=\"https:\/\/edasi.org\/wp-content\/uploads\/2026\/09\/asset-generation-d697a2e7-a43a-415a-9962-326910e6405e-0-scaled.webp\" data-orig-size=\"2048,1153\" data-comments-opened=\"0\" data-image-title=\"asset-generation-d697a2e7-a43a-415a-9962-326910e6405e-0\" data-image-description=\"\" data-image-caption=\"&lt;p&gt;Foto: Shutterstock&lt;\/p&gt;&#10;\" data-large-file=\"https:\/\/www.europesays.com\/ee\/wp-content\/uploads\/2026\/09\/asset-generation-d697a2e7-a43a-415a-9962-326910e6405e-0-1024x576.webp\" data-lazy-src=\"https:\/\/www.europesays.com\/ee\/wp-content\/uploads\/2026\/09\/asset-generation-d697a2e7-a43a-415a-9962-326910e6405e-0-1024x576.webp\"\/>\t\t\tFoto: Shutterstock\t\t<\/p>\n<p class=\"intro\">Teisip\u00e4eval, 1. septembril valdas tunne, nagu oleks aastavahetus. Seda see uue kooliaasta algus t\u00e4histabki. Kalendris on sellel lausa nimi \u2013 teadmiste p\u00e4ev, \u00fchtlasi riiklik t\u00e4htp\u00e4ev ja lipup\u00e4ev. Linna-, alevi- ja k\u00fclat\u00e4navad t\u00e4ituvad laste ja noorte inimestega. Koolid avavad uksed. Saalides lauldakse Eesti ja koolide h\u00fcmne. \u00d5petajatele tuuakse lilli, esimesse klassi minejad saavad aabitsa ja teklid p\u00e4he.<\/p>\n<p>Pidulik traditsioon p\u00e4rineb aga hoopis 1935. aasta N\u00f5ukogude Liidust ja kinnistus Eestis ning teistes N\u00f5ukogude Liidu vabariikides ning piiritagustes vasallriikides p\u00e4rast II Maailmas\u00f5da. Kooliaasta \u00fchine algus 1. septembril on \u00fcks v\u00e4hestest n\u00f5ukogude okupatsiooniajast \u00fcle v\u00f5etud ja tunnustatud t\u00e4htp\u00e4evi. Sel p\u00e4eval on \u00fchtlasi religioosne taust. Nimelt t\u00e4histab vene \u00f5igeusu kirik oma kalendri j\u00e4rgi kirikuaasta algust. On kuidas on, \u201ek\u00f5ik on uus septembrikuus\u201c. Nii k\u00f5lab Olivia Saare tuntud lasteluuletuse \u201e\u00dcks t\u00e4htis kuu\u201c l\u00f5purida, millest on saanud tavakeeles fraseologism.<\/p>\n<p>\t<a href=\"https:\/\/edasi.org\/edasi-votab-vastu-uusi-lugejaid\/\" aria-label=\"Screenshot\" rel=\"nofollow noopener\" target=\"_blank\"><img loading=\"lazy\" decoding=\"async\" src=\"data:image\/svg+xml,%3Csvg%20xmlns=\" http:=\"\" alt=\"\" data-lazy- data-lazy- class=\"no-lazyload\" width=\"1200\" height=\"628\" data-lazy-src=\"https:\/\/www.europesays.com\/ee\/wp-content\/uploads\/2026\/09\/1788588491_11_Edasi-votab-vastu_1200x628_uus.webp\"\/><\/a><\/p>\n","protected":false},"excerpt":{"rendered":"Foto: Shutterstock Teisip\u00e4eval, 1. septembril valdas tunne, nagu oleks aastavahetus. Seda see uue kooliaasta algus t\u00e4histabki. Kalendris on&hellip;\n","protected":false},"author":2,"featured_media":268890,"comment_status":"","ping_status":"","sticky":false,"template":"","format":"standard","meta":{"footnotes":"","_share_on_mastodon":"0"},"categories":[12],"tags":[26,27,424,37,33,35,34,36,31,32,21,1426,178,4813,190,28,29,19,25,23,24,22,20,4213,149,30],"class_list":["post-268889","post","type-post","status-publish","format-standard","has-post-thumbnail","category-eesti","tag-breaking-news","tag-breakingnews","tag-edasi","tag-ee","tag-eesti","tag-eesti-keel","tag-estonia","tag-estonian","tag-featured-news","tag-featurednews","tag-headlines","tag-kino","tag-kirjandus","tag-kone","tag-kunst","tag-latest-news","tag-latestnews","tag-news","tag-populaarseimad-lood","tag-top-stories","tag-topstories","tag-uldised-uudised","tag-uudised","tag-vaimne-tervis","tag-video","tag-viimased-uudised"],"share_on_mastodon":{"url":"https:\/\/pubeurope.com\/@ee\/117216942925539932","error":""},"_links":{"self":[{"href":"https:\/\/www.europesays.com\/ee\/wp-json\/wp\/v2\/posts\/268889","targetHints":{"allow":["GET"]}}],"collection":[{"href":"https:\/\/www.europesays.com\/ee\/wp-json\/wp\/v2\/posts"}],"about":[{"href":"https:\/\/www.europesays.com\/ee\/wp-json\/wp\/v2\/types\/post"}],"author":[{"embeddable":true,"href":"https:\/\/www.europesays.com\/ee\/wp-json\/wp\/v2\/users\/2"}],"replies":[{"embeddable":true,"href":"https:\/\/www.europesays.com\/ee\/wp-json\/wp\/v2\/comments?post=268889"}],"version-history":[{"count":0,"href":"https:\/\/www.europesays.com\/ee\/wp-json\/wp\/v2\/posts\/268889\/revisions"}],"wp:featuredmedia":[{"embeddable":true,"href":"https:\/\/www.europesays.com\/ee\/wp-json\/wp\/v2\/media\/268890"}],"wp:attachment":[{"href":"https:\/\/www.europesays.com\/ee\/wp-json\/wp\/v2\/media?parent=268889"}],"wp:term":[{"taxonomy":"category","embeddable":true,"href":"https:\/\/www.europesays.com\/ee\/wp-json\/wp\/v2\/categories?post=268889"},{"taxonomy":"post_tag","embeddable":true,"href":"https:\/\/www.europesays.com\/ee\/wp-json\/wp\/v2\/tags?post=268889"}],"curies":[{"name":"wp","href":"https:\/\/api.w.org\/{rel}","templated":true}]}}