{"id":268915,"date":"2026-09-05T06:38:11","date_gmt":"2026-09-05T06:38:11","guid":{"rendered":"https:\/\/www.europesays.com\/ee\/268915\/"},"modified":"2026-09-05T06:38:11","modified_gmt":"2026-09-05T06:38:11","slug":"mourinho-esimene-kaotus-espi-akrobaatiline-varav-tuhistati-ja-mbappe-penalti-torjuti-soccernet-ee","status":"publish","type":"post","link":"https:\/\/www.europesays.com\/ee\/268915\/","title":{"rendered":"Mourinho esimene kaotus: Espi akrobaatiline v\u00e4rav t\u00fchistati ja Mbappe penalti t\u00f5rjuti &#8211; Soccernet.ee"},"content":{"rendered":"<p><img decoding=\"async\" src=\"https:\/\/www.europesays.com\/ee\/wp-content\/uploads\/2026\/09\/1788555893.jpg\" alt=\"Alvaro Valles t\u00f5rjus \u00fcleminutitel Kylian Mbappe penalti. Foto: Scanpix \/ Jose Breton \/ AP Photo\"\/>&#13;\n<\/p>\n<p>Jose Mourinho juhendatav Real Madrid sai hooaja esimese kaotuse, j\u00e4\u00e4des Hispaania k\u00f5rgliigas v\u00f5\u00f5rsil dramaatilise l\u00f5pplahendusega m\u00e4ngus 0:1 alla Real Betisile.<\/p>\n<p>Esimesel poolajal v\u00e4ravaid ei l\u00f6\u00f6dud, kuigi Real Madridil oli palju h\u00e4id v\u00f5imalusi. L\u00f6\u00f6gile p\u00e4\u00e4sesid nii Vinicius Junior, Kylian Mbappe kui ka Jude Bellingham, aga nende sihikud ei olnud paigas. Vinicius l\u00f5i m\u00f5nelt meetrilt posti, Mbappe l\u00e4hil\u00f6\u00f6gid blokeerisid Betisi keskkaitsjad Natan ja Marc Bartra ning Bellinghami peal\u00f6\u00f6gi t\u00f5rjus Betisi v\u00e4ravavaht Alvaro Valles. Real Madridi xG oli avapoolajal 2,11 ja Real Betisi xG 0,11.&#13;\n<\/p>\n<p>Real Madrid j\u00e4tkas teisel poolajal juhtv\u00e4rava otsimist, aga Real Betis kaitses edukalt ja nullid p\u00fcsisid. Mourinho tegi 64. minutil kolmikvahetuse, saates v\u00e4ljakule Trent Alexander-Arnoldi, Bernardo Silva ja Yan Diomande. Need muudatused edu ei toonud. Hoopis Real Betisi peatreener Manuel Pellegrini s\u00e4ras \u00f5ige muudatusega, kui 61. minutil Cucho Hernandezi asemele sekkunud Troy Parrott l\u00f5i 81. minutil v\u00f5\u00f5rustajad nurgal\u00f6\u00f6gi olukorras juhtima.&#13;\n<\/p>\n<p>Mourinho tegi seej\u00e4rel oma neljanda vahetuse, kui m\u00e4ngu sekkus suvel 25 miljoni euro eest Levantest seotatud pikakasvuline r\u00fcndaja Carlos Espi, kes l\u00f5i m\u00f5ned minutid hiljem ka Viniciuse tsenderdusest akrobaatilise v\u00e4rava. Real Madrid sai korraks r\u00f5\u00f5mustada, aga siis sekkus VAR, kus tuvastas, et Espi oli r\u00fcnnaku \u00fclesehitusel suluseisus. V\u00e4rav t\u00fchistati.<\/p>\n<p>Real Madridil avanes veel \u00fcks v\u00e4ga hea v\u00f5imalus, kui Natan kukutas karistusalas Viniciuse ja peakohtunik m\u00e4\u00e4ras \u00fcleminutitel penalti. Seda asus l\u00f6\u00f6ma Kylian Mbappe, kelle l\u00f6\u00f6gi t\u00f5rjus Valles. Seej\u00e4rel kontrollis VAR pikalt, kas lahtise palli klaarinud Bartra oli liiga vara karistusalas ja kas penalti l\u00e4heb kordamisele v\u00f5i mitte. VAR ei sekkunud, sest Bartra jalg oli penaltil\u00f6\u00f6gi ajal \u00f5hus. Kui ta oleks enne l\u00f6\u00f6ki astunud karistusalasse, siis oleks penalti l\u00e4inud kordamisele.&#13;\n<\/p>\n<blockquote class=\"twitter-tweet\"><p>&#13;<\/p>\n<p lang=\"es\" dir=\"ltr\">MBAPP\u00c9 FALLA EL PENALTI \u274c<\/p>\n<p>El Real Madrid pidi\u00f3 que el penalti se repitiera por invasi\u00f3n de Bartra, que rechaz\u00f3 el bal\u00f3n tras la parada de \u00c1lvaro Valles <a href=\"https:\/\/x.com\/hashtag\/LALIGAenDAZN?src=hash&amp;ref_src=twsrc%5Etfw\" rel=\"nofollow\">#LALIGAenDAZN<\/a> \u26bd\ufe0f <a href=\"https:\/\/t.co\/nYPguJj394\" rel=\"nofollow\">pic.twitter.com\/nYPguJj394<\/a>&#13;<br \/>\n\u2014 DAZN F\u00fatbol (@DAZNFutbol) <a href=\"https:\/\/x.com\/DAZNFutbol\/status\/2095982238181503159?ref_src=twsrc%5Etfw\" rel=\"nofollow\">September 4, 2026<\/a><\/p>\n<\/blockquote>\n<p>Real Madrid sai kolme v\u00f5idu k\u00f5rvale hooaja esimese kaotuse ja j\u00e4tkab nelja vooru j\u00e4rel \u00fcheksa punktiga. Sama palju punkte on ka Real Betisil, kes kaotas eelmises voorus Levantele, aga on \u00fclej\u00e4\u00e4nud m\u00e4ngud v\u00f5itnud. Lisaks on \u00fcheksa punkti peal Barcelona, kes kohtub p\u00fchap\u00e4eval neljanda vooru m\u00e4ngus v\u00f5\u00f5rsil Valenciaga.&#13;\n<\/p>\n<p>          <script async src=\"https:\/\/platform.twitter.com\/widgets.js\" charset=\"utf-8\"><\/script><\/p>\n","protected":false},"excerpt":{"rendered":"&#13; Jose Mourinho juhendatav Real Madrid sai hooaja esimese kaotuse, j\u00e4\u00e4des Hispaania k\u00f5rgliigas v\u00f5\u00f5rsil dramaatilise l\u00f5pplahendusega m\u00e4ngus 0:1&hellip;\n","protected":false},"author":2,"featured_media":268916,"comment_status":"","ping_status":"","sticky":false,"template":"","format":"standard","meta":{"footnotes":"","_share_on_mastodon":"0"},"categories":[18],"tags":[3678,37,33,35,34,36,110,3330,6428,5947,606,5112,19910,3073,3684,609,159,158],"class_list":["post-268915","post","type-post","status-publish","format-standard","has-post-thumbnail","category-sport","tag-betis","tag-ee","tag-eesti","tag-eesti-keel","tag-estonia","tag-estonian","tag-hispaania","tag-hispaania-korgliiga","tag-jose-mourinho","tag-kylian-mbappe","tag-la-liga","tag-mbappe","tag-mourinho","tag-real","tag-real-betis","tag-real-madrid","tag-sport","tag-sports"],"share_on_mastodon":{"url":"https:\/\/pubeurope.com\/@ee\/117217061328406646","error":""},"_links":{"self":[{"href":"https:\/\/www.europesays.com\/ee\/wp-json\/wp\/v2\/posts\/268915","targetHints":{"allow":["GET"]}}],"collection":[{"href":"https:\/\/www.europesays.com\/ee\/wp-json\/wp\/v2\/posts"}],"about":[{"href":"https:\/\/www.europesays.com\/ee\/wp-json\/wp\/v2\/types\/post"}],"author":[{"embeddable":true,"href":"https:\/\/www.europesays.com\/ee\/wp-json\/wp\/v2\/users\/2"}],"replies":[{"embeddable":true,"href":"https:\/\/www.europesays.com\/ee\/wp-json\/wp\/v2\/comments?post=268915"}],"version-history":[{"count":0,"href":"https:\/\/www.europesays.com\/ee\/wp-json\/wp\/v2\/posts\/268915\/revisions"}],"wp:featuredmedia":[{"embeddable":true,"href":"https:\/\/www.europesays.com\/ee\/wp-json\/wp\/v2\/media\/268916"}],"wp:attachment":[{"href":"https:\/\/www.europesays.com\/ee\/wp-json\/wp\/v2\/media?parent=268915"}],"wp:term":[{"taxonomy":"category","embeddable":true,"href":"https:\/\/www.europesays.com\/ee\/wp-json\/wp\/v2\/categories?post=268915"},{"taxonomy":"post_tag","embeddable":true,"href":"https:\/\/www.europesays.com\/ee\/wp-json\/wp\/v2\/tags?post=268915"}],"curies":[{"name":"wp","href":"https:\/\/api.w.org\/{rel}","templated":true}]}}