{"id":268919,"date":"2026-09-05T06:41:11","date_gmt":"2026-09-05T06:41:11","guid":{"rendered":"https:\/\/www.europesays.com\/ee\/268919\/"},"modified":"2026-09-05T06:41:11","modified_gmt":"2026-09-05T06:41:11","slug":"ilmateade-ilm-ei-anna-armu-tugev-vihmasadu-jatkub-maaleht","status":"publish","type":"post","link":"https:\/\/www.europesays.com\/ee\/268919\/","title":{"rendered":"ILMATEADE | Ilm ei anna armu: tugev vihmasadu j\u00e4tkub &#8211; Maaleht"},"content":{"rendered":"<ol>\n<li><a href=\"https:\/\/news.google.com\/rss\/articles\/CBMimAFBVV95cUxPckhWZzdUeE1HZkkyUVRDUVp6T3c2NEJZdko0Ym5ad0lyTy11RDl3aGx2RWRuYWhrSVBMQUxXWlBjSEp0SWMzYnJlNl9fWFhYOUcyQV9FV3JqOEZueUdjWTJvRGxNR1B0c3lTSFMyQ2hPSFVxS2hvY2FuNWhMZkQ5NnIwNnpFa0tpeUk4NkQwckxYUGNDUzhBUA?oc=5\" target=\"_blank\" rel=\"nofollow noopener\">ILMATEADE | Ilm ei anna armu: tugev vihmasadu j\u00e4tkub<\/a>&nbsp;&nbsp;Maaleht<\/li>\n<li><a href=\"https:\/\/news.google.com\/rss\/articles\/CBMidkFVX3lxTE05VmxVd19PQmVEMHNBZjg3N0t4dmhuSGVOQllBY3J0akN1VHVLQmtpaHNibjFBMGg4OWozVTVFUkJyNGVFaFNpTnBPS1E5YUsxaVpWeU1TOVl6aXJCb0l3NFY1NHVZYTdBYVNjWUR1Wk1SOUdxSmc?oc=5\" target=\"_blank\" rel=\"nofollow noopener\">Ka laup\u00e4eval sajab L\u00f5una-Eestis vihma<\/a>&nbsp;&nbsp;ERR<\/li>\n<li><a href=\"https:\/\/news.google.com\/rss\/articles\/CBMi1wFBVV95cUxOcWZRNk9YSDVwbnhwbHRwTzVFYW1XYml0dDcxLWhTSGFDeTJ2ZmxJNTZFcVFtQ2dMczM5Y2ZpaEl6Y00xZHR1TkRNVHZfS2pTdldfMUg5a004a0ZvS3VGNnp2R2t2UDc0bnBqQXo5eGJoWHVXX2o2UW1nclpaS1JKN1NXNEIwWmhUcmhxSFVEejBRWGdOZDhETHJ6d1VLWW1KSWUtVUpYNGxjdUF5VlFNUVNUOG41QWxURmswTEt4VUxidk1uazJDOF8tbnFNN0pNSHZIU0JmQQ?oc=5\" target=\"_blank\" rel=\"nofollow noopener\">ILMAHOIATUS \u27e9 Kagu-Eestis on oodata \u00e4ikest, tugevaid sajuhooge ning v\u00f5ib tulla ka rahet<\/a>&nbsp;&nbsp;news.inbox.eu<\/li>\n<li><a href=\"https:\/\/news.google.com\/rss\/articles\/CBMi6AFBVV95cUxNRElESS1GR1pIQ2VfRzUwSzBKdm9JNlNEWHNHLWg0SE9CY1QwaGo0YUtnZmlBdmpTRkhxSzF4SGFNZjNRUGdNRUxPM2Vuak9ndlhLUVNpbjVIUk11Vm94Tkw1bjRnSjFfZ0s1N0hodmc2VEtxWDNqWUk4ZGU2WTFOaFVzT1lSXzlUNzRnYjdEczJUWmpnY3ZlU3ZjX0E0YmkxLURKdldKMklQVGFGT2psMFVHN2gxOFI4LUdBMlU4a2lqQlhYZVNCRmRaSjNpRzJJLW5NQTBlOW1rWHZsRWJaYS03VjdZSEpv?oc=5\" target=\"_blank\" rel=\"nofollow noopener\">\u00abVihma valab nagu kosest!\u00bb S\u00fcnoptik Kairo Kiitsak hoiatab Eestit tabanud v\u00f5imsate \u00e4ikesepilvede eest<\/a>&nbsp;&nbsp;news.inbox.eu<\/li>\n<\/ol>\n","protected":false},"excerpt":{"rendered":"ILMATEADE | Ilm ei anna armu: tugev vihmasadu j\u00e4tkub&nbsp;&nbsp;Maaleht Ka laup\u00e4eval sajab L\u00f5una-Eestis vihma&nbsp;&nbsp;ERR ILMAHOIATUS \u27e9 Kagu-Eestis on&hellip;\n","protected":false},"author":2,"featured_media":268920,"comment_status":"","ping_status":"","sticky":false,"template":"","format":"standard","meta":{"footnotes":"","_share_on_mastodon":"0"},"categories":[12],"tags":[28099,26,27,37,33,35,34,36,31,32,21,28,29,19,25,5020,23,24,8798,22,20,4324,30],"class_list":["post-268919","post","type-post","status-publish","format-standard","has-post-thumbnail","category-eesti","tag-aike","tag-breaking-news","tag-breakingnews","tag-ee","tag-eesti","tag-eesti-keel","tag-estonia","tag-estonian","tag-featured-news","tag-featurednews","tag-headlines","tag-latest-news","tag-latestnews","tag-news","tag-populaarseimad-lood","tag-sadu","tag-top-stories","tag-topstories","tag-tuul","tag-uldised-uudised","tag-uudised","tag-vihm","tag-viimased-uudised"],"share_on_mastodon":{"url":"https:\/\/pubeurope.com\/@ee\/117217072858619200","error":""},"_links":{"self":[{"href":"https:\/\/www.europesays.com\/ee\/wp-json\/wp\/v2\/posts\/268919","targetHints":{"allow":["GET"]}}],"collection":[{"href":"https:\/\/www.europesays.com\/ee\/wp-json\/wp\/v2\/posts"}],"about":[{"href":"https:\/\/www.europesays.com\/ee\/wp-json\/wp\/v2\/types\/post"}],"author":[{"embeddable":true,"href":"https:\/\/www.europesays.com\/ee\/wp-json\/wp\/v2\/users\/2"}],"replies":[{"embeddable":true,"href":"https:\/\/www.europesays.com\/ee\/wp-json\/wp\/v2\/comments?post=268919"}],"version-history":[{"count":0,"href":"https:\/\/www.europesays.com\/ee\/wp-json\/wp\/v2\/posts\/268919\/revisions"}],"wp:featuredmedia":[{"embeddable":true,"href":"https:\/\/www.europesays.com\/ee\/wp-json\/wp\/v2\/media\/268920"}],"wp:attachment":[{"href":"https:\/\/www.europesays.com\/ee\/wp-json\/wp\/v2\/media?parent=268919"}],"wp:term":[{"taxonomy":"category","embeddable":true,"href":"https:\/\/www.europesays.com\/ee\/wp-json\/wp\/v2\/categories?post=268919"},{"taxonomy":"post_tag","embeddable":true,"href":"https:\/\/www.europesays.com\/ee\/wp-json\/wp\/v2\/tags?post=268919"}],"curies":[{"name":"wp","href":"https:\/\/api.w.org\/{rel}","templated":true}]}}