{"id":268921,"date":"2026-09-05T06:42:22","date_gmt":"2026-09-05T06:42:22","guid":{"rendered":"https:\/\/www.europesays.com\/ee\/268921\/"},"modified":"2026-09-05T06:42:22","modified_gmt":"2026-09-05T06:42:22","slug":"mladici-ulistamine-loobib-kaikaid-kodarasse-serbia-uhinemisele-el-iga-valismaa","status":"publish","type":"post","link":"https:\/\/www.europesays.com\/ee\/268921\/","title":{"rendered":"Mladi\u010di \u00fclistamine loobib kaikaid kodarasse Serbia \u00fchinemisele EL-iga | V\u00e4lismaa"},"content":{"rendered":"<p>Euroopa Komisjoni laienemisvolinik Marta Kos t\u00fchistas reedel visiidi kandidaatriiki Serbiasse, kuna riigi valitsus viis eelmisel n\u00e4dalal surnud s\u00f5jakurjategija Ratko Mladi\u0107i s\u00e4ilmed lennukiga Belgradi, kus talle korraldatakse eeldatavasti suurejoonelised matused.<\/p>\n<p>&#8220;Tema surmaga kaasnev \u00fclistamine on vastuolus v\u00e4\u00e4rtustega, millele tugineb Euroopa Liiduga \u00fchinemise teekond. See teekond n\u00f5uab minevikuga silmitsi seismist, t\u00f5elist leppimist ja s\u00f5jakuritegude ohvrite austamist,&#8221; kirjutas Kos sotsiaalmeedias.<\/p>\n<p>&#8220;Meie \u00fchise tuleviku aluseks olevate v\u00e4\u00e4rtuste \u00fcle ei tingita. Sellest tulenevalt otsustasin praegu kavandatud visiidi Serbiasse \u00e4ra j\u00e4tta,&#8221; lisas Kos.<\/p>\n<p>Aastatel 1992\u20131995 toimunud Bosnia s\u00f5ja ajal toime pandud genotsiidi, inimsusevastaste kuritegude ja s\u00f5jakuritegude eest s\u00fc\u00fcdi m\u00f5istetud Mladi\u0107 suri eelmisel n\u00e4dalal 84-aastaselt Haagis asuvas \u00dcRO kinnipidamiskeskuses.<\/p>\n<p>Mladi\u0107i s\u00e4ilmed toodi neljap\u00e4eval valitsuse lennukiga Hollandist Haagist Serbiasse.<\/p>\n<p>Allika teatel viibisid lennukis ka Serbia justiitsminister Nenad Vuji\u0107, Mladi\u0107i poeg Darko ning endised s\u00f5jav\u00e4ekaaslased. Uudiste kohaselt viidi surnukeha lahkamiseks Belgradi s\u00f5jav\u00e4ehaiglasse.<\/p>\n<p>Serbia armee s\u00f5durid kandsid riigilipuga kaetud Mladi\u0107i kirstu lennukist v\u00e4ikebussi. Tseremooniat kandis otse \u00fcle valitsusmeelne telekanal Informer.<\/p>\n<p>Paljud serblased peavad Mladi\u0107it kangelaseks<\/p>\n<p>Neljap\u00e4eval varem teatas Serbia president Aleksandar Vu\u010di\u0107 ajakirjanikele, et \u00dcRO kohus loovutas Mladi\u0107i surnukeha p\u00e4rast tema surma sealses haiglas.<\/p>\n<p>Vu\u010di\u0107i s\u00f5nul teeb Mladi\u0107i perekond matuseplaanid teatavaks l\u00e4hip\u00e4evil. Valitsusmeelse meedia teatel toimub laup\u00e4eval s\u00f5jav\u00e4eline m\u00e4lestustseremoonia ning esmasp\u00e4eval matused.<\/p>\n<p>Vu\u010di\u0107 prognoosis, et matustele v\u00f5ib koguneda suur hulk Mladi\u0107i austajaid. Paljud serblased peavad teda kangelaseks, ehkki \u00dcRO tribunal m\u00f5istis ta s\u00fc\u00fcdi genotsiidis, s\u00f5jakuritegudes ja inimsusevastastes kuritegudes.<\/p>\n<p>P\u00e4rast Mladi\u0107i surma eelmisel neljap\u00e4eval korraldasid tuhanded serblased tema auks m\u00e4lestus\u00fcritusi ja marsse. See t\u00f5i kaasa hukkam\u00f5istu pingelises piirkonnas, mis on enam kui kolmk\u00fcmmend aastat p\u00e4rast s\u00f5da endiselt etniliselt l\u00f5hestunud. S\u00f5da algas, kui Bosnia serblased v\u00f5tsid oma riigi loomiseks kontrolli alla suured maa-alad riigi territooriumist.<\/p>\n<p>EL hoiatab Serbiat Mladi\u0107i \u00fclistamise eest<\/p>\n<p>S\u00f5ja ajal Bosnia serblasi toetanud Serbia taotleb ametlikult Euroopa Liidu liikmesust, kuid on oma toonase s\u00f5jalise rolli hindamisel j\u00e4\u00e4nud t\u00f5rksaks.\u00a0<\/p>\n<p>Vu\u010di\u0107 s\u00fc\u00fcdistas eelmisel n\u00e4dalal L\u00e4\u00e4nt ja Haagi tribunali selles, et kuritegudes s\u00fc\u00fcdistatakse vaid serblasi, samas kui serblastest ohvrid pole \u00f5iglust saanud. Samuti heitis ta kohtule ette ebatsiviliseeritud k\u00e4itumist, kuna Mladi\u0107it ei vabastatud humanitaarkaalutlustel, et ta saaks kodus surra.<\/p>\n<p>EL-i laienemisvolinik hoiatas, et s\u00f5jakurjategijate \u00fclistamisel ei ole kohta ei ELi liikmes- ega kandidaatriigis.<\/p>\n<p>Srebrenica veresaun oli Euroopa esimene ametlikult tunnustatud genotsiid p\u00e4rast Teist maailmas\u00f5da. \u00dcRO poolt moslemitele turvaliseks paigaks kuulutatud Srebrenica vallutasid serblased, kes sundisid mehi ja poisse lahti riietuma, hukkasid nad ning l\u00fckkasid buldooseritega \u00fchishaudadesse.<\/p>\n<p>Mladi\u0107 oli Bosnia s\u00f5ja \u00fcks kurikuulsamaid isikuid. Enne USA vahendatud rahulepingu s\u00f5lmimist 1995. aastal n\u00f5udis konflikt enam kui 100 000 inimese elu ja j\u00e4ttis \u00fcle miljoni inimese kodutuks.<\/p>\n<p>Mladi\u0107i s\u00fc\u00fcdim\u00f5istmine s\u00f5jaaegsete tapmiste eest endise Jugoslaavia lagunemisel p\u00e4rast kommunismi langust t\u00f5i talle rahvusvahelises ajakirjanduses h\u00fc\u00fcdnime Bosnia lihunik.<\/p>\n<p>Euroopa Liiduga soovivad liituda kuus L\u00e4\u00e4ne-Balkani riiki \u2013 Albaania, Bosnia, Serbia, Montenegro, P\u00f5hja-Makedoonia ja Kosovo. Riigid asuvad liitumisprotsessi eri etappides.<\/p>\n","protected":false},"excerpt":{"rendered":"Euroopa Komisjoni laienemisvolinik Marta Kos t\u00fchistas reedel visiidi kandidaatriiki Serbiasse, kuna riigi valitsus viis eelmisel n\u00e4dalal surnud s\u00f5jakurjategija&hellip;\n","protected":false},"author":2,"featured_media":268922,"comment_status":"","ping_status":"","sticky":false,"template":"","format":"standard","meta":{"footnotes":"","_share_on_mastodon":"0"},"categories":[5],"tags":[104002,10179,26,27,37,33,35,34,36,78548,590,31,32,1239,21,28,29,19,25,3822,17112,23,24,22,20,30],"class_list":["post-268921","post","type-post","status-publish","format-standard","has-post-thumbnail","category-uldised-uudised","tag-balkani-sojad","tag-bosnia","tag-breaking-news","tag-breakingnews","tag-ee","tag-eesti","tag-eesti-keel","tag-estonia","tag-estonian","tag-euroopa-liiduga-liitumine","tag-euroopa-liit","tag-featured-news","tag-featurednews","tag-genotsiid","tag-headlines","tag-latest-news","tag-latestnews","tag-news","tag-populaarseimad-lood","tag-serbia","tag-sojakurjategija","tag-top-stories","tag-topstories","tag-uldised-uudised","tag-uudised","tag-viimased-uudised"],"share_on_mastodon":{"url":"https:\/\/pubeurope.com\/@ee\/117217076346605207","error":""},"_links":{"self":[{"href":"https:\/\/www.europesays.com\/ee\/wp-json\/wp\/v2\/posts\/268921","targetHints":{"allow":["GET"]}}],"collection":[{"href":"https:\/\/www.europesays.com\/ee\/wp-json\/wp\/v2\/posts"}],"about":[{"href":"https:\/\/www.europesays.com\/ee\/wp-json\/wp\/v2\/types\/post"}],"author":[{"embeddable":true,"href":"https:\/\/www.europesays.com\/ee\/wp-json\/wp\/v2\/users\/2"}],"replies":[{"embeddable":true,"href":"https:\/\/www.europesays.com\/ee\/wp-json\/wp\/v2\/comments?post=268921"}],"version-history":[{"count":0,"href":"https:\/\/www.europesays.com\/ee\/wp-json\/wp\/v2\/posts\/268921\/revisions"}],"wp:featuredmedia":[{"embeddable":true,"href":"https:\/\/www.europesays.com\/ee\/wp-json\/wp\/v2\/media\/268922"}],"wp:attachment":[{"href":"https:\/\/www.europesays.com\/ee\/wp-json\/wp\/v2\/media?parent=268921"}],"wp:term":[{"taxonomy":"category","embeddable":true,"href":"https:\/\/www.europesays.com\/ee\/wp-json\/wp\/v2\/categories?post=268921"},{"taxonomy":"post_tag","embeddable":true,"href":"https:\/\/www.europesays.com\/ee\/wp-json\/wp\/v2\/tags?post=268921"}],"curies":[{"name":"wp","href":"https:\/\/api.w.org\/{rel}","templated":true}]}}