{"id":268927,"date":"2026-09-05T06:52:33","date_gmt":"2026-09-05T06:52:33","guid":{"rendered":"https:\/\/www.europesays.com\/ee\/268927\/"},"modified":"2026-09-05T06:52:33","modified_gmt":"2026-09-05T06:52:33","slug":"vajadus-ettevalmistava-oppe-kohtade-jarele-osutus-esiti-arvatust-suuremaks-eesti","status":"publish","type":"post","link":"https:\/\/www.europesays.com\/ee\/268927\/","title":{"rendered":"Vajadus ettevalmistava \u00f5ppe kohtade j\u00e4rele osutus esiti arvatust suuremaks | Eesti"},"content":{"rendered":"<p>Ehkki kooliaasta on alanud, ei ole k\u00f5ik kevadel p\u00f5hikooli l\u00f5petanud noored, kelle tase j\u00e4\u00e4b allapoole g\u00fcmnaasiumisse v\u00f5i kutsekooli p\u00e4\u00e4semise piiri, leidnud endale kohta ettevalmistavas \u00f5ppes. Haridusministeerium alles kaardistab, kui palju on eri omavalitsustes lisakohti tarvis.<\/p>\n<p>Sellel aastal hakkas kehtima edasi\u00f5ppimise kohustus k\u00f5igile p\u00f5hikooli l\u00f5petanud noortele, kuid P\u00e4rnus oli 1. septembri seisuga 82 \u00f5pilast j\u00e4tkuvalt ilma \u00f5ppekohata.<\/p>\n<p>P\u00e4rnu abilinnapea Ene T\u00e4ht p\u00f6\u00f6rdus murega haridusministeeriumi poole, sest tegu polnud tavap\u00e4rase vastuv\u00f5tuprotsessi tulemusel ajutiselt koolikohata j\u00e4\u00e4nud noortega, vaid \u00f5ppijatega, kes vajavad \u00f5pingute j\u00e4tkamiseks lisatuge.<\/p>\n<p>&#8220;Nende hulgas on pea \u00fche r\u00fchma jagu hariduslike erivajadustega noori, \u00fche r\u00fchma jagu v\u00e4hese eesti keele oskusega Ukrainast saabunud \u00f5pilasi ning madala \u00f5pimotivatsiooniga noori, kelle edukas j\u00e4tkamine eeldab paindlikumaid \u00f5ppevorme ja suuremat individuaalset toetust,&#8221; selgitas T\u00e4ht haridusminister Kristina Kallasele saadetud p\u00f6\u00f6rdumises.<\/p>\n<p>Selleks, et neile \u00f5pilastele koht leida, vajab P\u00e4rnu veel v\u00e4hemalt kahe ettevalmistava r\u00fchma avamist P\u00e4rnumaa hariduskeskuses ning taotleb selleks haridusministeeriumilt lisaraha.<\/p>\n<p>T\u00e4ht m\u00e4rkis, et ilma selleta ei ole v\u00f5imalik noortele piisaval hulgal neile sobivaid \u00f5ppekohti pakkuda.<\/p>\n<p>&#8220;See t\u00e4hendab, et p\u00e4ris suur osa noortest v\u00f5ib j\u00e4\u00e4da olukorda, kus neil lasub seadusest tulenev \u00f5ppimiskohustus, kuid piirkonnas puudub nende vajadustele vastav \u00f5ppekoht v\u00f5i tugimeede selle kohustuse t\u00e4itmiseks,&#8221; s\u00f5nas abilinnapea, kelle s\u00f5nul peab \u00f5ppimiskohustust toetama k\u00e4ttesaadavate \u00f5ppekohtade, vajalike tugiteenuste ning piisavate ressurssidega.<\/p>\n<p>Haridusministeerium m\u00f6\u00f6nis, et P\u00e4rnu ei pruugi olla ainus koht, kus sellise probleemiga silmitsi seistakse.<\/p>\n<p>&#8220;Sarnaseid vajadusi v\u00f5ib selguda ka teistes piirkondades, mist\u00f5ttu t\u00e4psustub tervikpilt l\u00e4hiajal koos koolide ja omavalitsustega,&#8221; lausus ministeeriumi n\u00f5unik Elo Eesm\u00e4e ERR-ile.<\/p>\n<p>Ta lisas, et praegu kaardistab ministeerium koos kohalike omavalitsuste ja koolidega, kui palju noori vajab ettevalmistavas \u00f5ppes lisakohti ning millised on v\u00f5imalused nende loomiseks.<\/p>\n<p>&#8220;Me ei oota selleks 10. septembri andmeid, vaid tegeleme lahenduste leidmisega jooksvalt,&#8221; kinnitas Eesm\u00e4e.<\/p>\n<p>P\u00e4rnu puhul on vajadus t\u00e4iendavate kohtade j\u00e4rele Eesm\u00e4e kinnitusel haridusministeeriumile teada ning ministeerium arutab koos P\u00e4rnu hariduskeskusega, kuidas vajalikud \u00f5ppekohad tagada.<\/p>\n<p>&#8220;T\u00e4naseks on P\u00e4rnu koolikohata laste arv ka v\u00e4henenud poole v\u00f5rra,&#8221; lisas n\u00f5unik neljap\u00e4eval.<\/p>\n<p>Koolid peavad oma andmed Eesti hariduse infos\u00fcsteemi (EHIS) edastama 10. septembriks ning p\u00e4rast seda tekib selge \u00fclevaade neist, kes on \u00f5ppimisest k\u00f5rvale j\u00e4\u00e4nud. Seej\u00e4rel tuleb omavalitsuse spetsialistidel iga noorega hiljemalt 1. novembriks \u00fchendust v\u00f5tta ja talle individuaalne lahendus leida.<\/p>\n<p>Varem on haridusministeerium ERR-ile \u00f6elnud, et on valmis veel septembriski nii kutse- kui ka ettevalmistavasse \u00f5ppesse uusi \u00f5ppekohti looma.<\/p>\n<p>Ettevalmistavat \u00f5pet puudutavat seaduseeln\u00f5u ette valmistades hindas haridusministeerium, et ettevalmistava \u00f5ppe sihtr\u00fchm on umbes 800 \u00f5pilast.<\/p>\n","protected":false},"excerpt":{"rendered":"Ehkki kooliaasta on alanud, ei ole k\u00f5ik kevadel p\u00f5hikooli l\u00f5petanud noored, kelle tase j\u00e4\u00e4b allapoole g\u00fcmnaasiumisse v\u00f5i kutsekooli&hellip;\n","protected":false},"author":2,"featured_media":268928,"comment_status":"","ping_status":"","sticky":false,"template":"","format":"standard","meta":{"footnotes":"","_share_on_mastodon":"0"},"categories":[12],"tags":[26,27,37,33,35,34,36,23576,31,32,2507,21,648,28,29,19,1421,104003,25,23,24,22,20,30],"class_list":["post-268927","post","type-post","status-publish","format-standard","has-post-thumbnail","category-eesti","tag-breaking-news","tag-breakingnews","tag-ee","tag-eesti","tag-eesti-keel","tag-estonia","tag-estonian","tag-ettevalmistav-ope","tag-featured-news","tag-featurednews","tag-haridusministeerium","tag-headlines","tag-kristina-kallas","tag-latest-news","tag-latestnews","tag-news","tag-parnu","tag-parnumaa-hariduskeskus","tag-populaarseimad-lood","tag-top-stories","tag-topstories","tag-uldised-uudised","tag-uudised","tag-viimased-uudised"],"share_on_mastodon":{"url":"https:\/\/pubeurope.com\/@ee\/117217115645901715","error":""},"_links":{"self":[{"href":"https:\/\/www.europesays.com\/ee\/wp-json\/wp\/v2\/posts\/268927","targetHints":{"allow":["GET"]}}],"collection":[{"href":"https:\/\/www.europesays.com\/ee\/wp-json\/wp\/v2\/posts"}],"about":[{"href":"https:\/\/www.europesays.com\/ee\/wp-json\/wp\/v2\/types\/post"}],"author":[{"embeddable":true,"href":"https:\/\/www.europesays.com\/ee\/wp-json\/wp\/v2\/users\/2"}],"replies":[{"embeddable":true,"href":"https:\/\/www.europesays.com\/ee\/wp-json\/wp\/v2\/comments?post=268927"}],"version-history":[{"count":0,"href":"https:\/\/www.europesays.com\/ee\/wp-json\/wp\/v2\/posts\/268927\/revisions"}],"wp:featuredmedia":[{"embeddable":true,"href":"https:\/\/www.europesays.com\/ee\/wp-json\/wp\/v2\/media\/268928"}],"wp:attachment":[{"href":"https:\/\/www.europesays.com\/ee\/wp-json\/wp\/v2\/media?parent=268927"}],"wp:term":[{"taxonomy":"category","embeddable":true,"href":"https:\/\/www.europesays.com\/ee\/wp-json\/wp\/v2\/categories?post=268927"},{"taxonomy":"post_tag","embeddable":true,"href":"https:\/\/www.europesays.com\/ee\/wp-json\/wp\/v2\/tags?post=268927"}],"curies":[{"name":"wp","href":"https:\/\/api.w.org\/{rel}","templated":true}]}}