{"id":268933,"date":"2026-09-05T07:04:11","date_gmt":"2026-09-05T07:04:11","guid":{"rendered":"https:\/\/www.europesays.com\/ee\/268933\/"},"modified":"2026-09-05T07:04:11","modified_gmt":"2026-09-05T07:04:11","slug":"alcaraz-voitis-kolmes-setis-tennis","status":"publish","type":"post","link":"https:\/\/www.europesays.com\/ee\/268933\/","title":{"rendered":"Alcaraz v\u00f5itis kolmes setis | Tennis"},"content":{"rendered":"<p>USA lahtistel tennisemeistriv\u00f5istlustel meeste \u00fcksikm\u00e4ngus tiitlit kaitsev Carlos Alcaraz (ATP 3.) j\u00f5udis reedel 16 parema sekka.<\/p>\n<p>Alcaraz alistas kolmandas ringis ligi kaks ja pool tundi kestnud m\u00e4ngu j\u00e4rel hiinlase Wu Yibingi (ATP 113.) 6:3, 6:4, 6:1. Tiitlikaitsja teenis oma esimeselt servilt 69 protsenti punktidest ja realiseeris 15 murdepallist seitse. Wu vastavad n\u00e4itajad olid 53 protsenti ning seitsmest kaks. Wu sooritas \u00fchtlasi 39 lihtviga Alcarazi 33 vastu, \u00e4ral\u00f6\u00f6ke kogunes vastavalt 12 ja 21.<\/p>\n<p>Alcaraz l\u00f5petas USA lahtistel nelja kuu pikkuseks veninud vigastuspausi ning \u00fctles reedese v\u00f5idu j\u00e4rel, et on endalegi \u00fcllatuseks v\u00e4ga heas f\u00fc\u00fcsilises vormis. &#8220;Arvasin, et olen juba p\u00e4rast esimest m\u00e4ngu omadega l\u00e4bi, kuid tegelikult taastun h\u00e4sti. Pingutan iga p\u00e4ev, et heas vormis p\u00fcsida. Praegu on minu tase t\u00f5esti hea. Olen turniirir\u00fctmi edukalt sisse elanud,&#8221; s\u00f5nas hispaanlane.<\/p>\n<p>16 parema seas ootab Alcarazi 20. asetusega Tommy Paul (ATP 21.), kes l\u00fclitas 6:4, 3:6, 6:7 (4), 6:1, 6:3 v\u00f5iduga konkurentsist v\u00e4lja 15. asetusega Alexander Bubliku (ATP 16.).<\/p>\n<p>2021. aasta v\u00f5itja Daniil Medvedev (ATP 8.) sai 6:4, 6:4, 6:4 jagu 28. paigutusega prantslasest Arthur Rinderknechist (ATP 29.). Venelase j\u00e4rgmine vastane on kodupubliku toetust nautiv Frances Tiafoe (ATP 12.), kes oli 6:4, 6:2, 6:4 \u00fcle 22. paigutusega Valentin Vacherot&#8217;st (ATP 23.). <\/p>\n","protected":false},"excerpt":{"rendered":"USA lahtistel tennisemeistriv\u00f5istlustel meeste \u00fcksikm\u00e4ngus tiitlit kaitsev Carlos Alcaraz (ATP 3.) j\u00f5udis reedel 16 parema sekka. Alcaraz alistas&hellip;\n","protected":false},"author":2,"featured_media":268934,"comment_status":"","ping_status":"","sticky":false,"template":"","format":"standard","meta":{"footnotes":"","_share_on_mastodon":"0"},"categories":[5],"tags":[26,27,3863,37,33,35,34,36,31,32,21,28,29,19,25,94855,23,24,22,94856,20,30],"class_list":["post-268933","post","type-post","status-publish","format-standard","has-post-thumbnail","category-uldised-uudised","tag-breaking-news","tag-breakingnews","tag-carlos-alcaraz","tag-ee","tag-eesti","tag-eesti-keel","tag-estonia","tag-estonian","tag-featured-news","tag-featurednews","tag-headlines","tag-latest-news","tag-latestnews","tag-news","tag-populaarseimad-lood","tag-tennise-usa-lahtised","tag-top-stories","tag-topstories","tag-uldised-uudised","tag-usa-lahtised-tennisemeistrivoistlused","tag-uudised","tag-viimased-uudised"],"share_on_mastodon":{"url":"https:\/\/pubeurope.com\/@ee\/117217163158520207","error":""},"_links":{"self":[{"href":"https:\/\/www.europesays.com\/ee\/wp-json\/wp\/v2\/posts\/268933","targetHints":{"allow":["GET"]}}],"collection":[{"href":"https:\/\/www.europesays.com\/ee\/wp-json\/wp\/v2\/posts"}],"about":[{"href":"https:\/\/www.europesays.com\/ee\/wp-json\/wp\/v2\/types\/post"}],"author":[{"embeddable":true,"href":"https:\/\/www.europesays.com\/ee\/wp-json\/wp\/v2\/users\/2"}],"replies":[{"embeddable":true,"href":"https:\/\/www.europesays.com\/ee\/wp-json\/wp\/v2\/comments?post=268933"}],"version-history":[{"count":0,"href":"https:\/\/www.europesays.com\/ee\/wp-json\/wp\/v2\/posts\/268933\/revisions"}],"wp:featuredmedia":[{"embeddable":true,"href":"https:\/\/www.europesays.com\/ee\/wp-json\/wp\/v2\/media\/268934"}],"wp:attachment":[{"href":"https:\/\/www.europesays.com\/ee\/wp-json\/wp\/v2\/media?parent=268933"}],"wp:term":[{"taxonomy":"category","embeddable":true,"href":"https:\/\/www.europesays.com\/ee\/wp-json\/wp\/v2\/categories?post=268933"},{"taxonomy":"post_tag","embeddable":true,"href":"https:\/\/www.europesays.com\/ee\/wp-json\/wp\/v2\/tags?post=268933"}],"curies":[{"name":"wp","href":"https:\/\/api.w.org\/{rel}","templated":true}]}}