{"id":268939,"date":"2026-09-05T07:11:26","date_gmt":"2026-09-05T07:11:26","guid":{"rendered":"https:\/\/www.europesays.com\/ee\/268939\/"},"modified":"2026-09-05T07:11:26","modified_gmt":"2026-09-05T07:11:26","slug":"toyota-ja-hyundai-ei-soida-saudi-araabia-mm-rallile-2","status":"publish","type":"post","link":"https:\/\/www.europesays.com\/ee\/268939\/","title":{"rendered":"Toyota ja Hyundai ei s\u00f5ida Saudi Araabia MM-rallile"},"content":{"rendered":"<p>M\u00f5lema tiimi autotootja on seadnud WRC-meeskonnale piirangud L\u00e4his-Ida ohtlikesse piirkondadesse reisimise suhtes, mis h\u00f5lmab ka Saudi Araabiat, kirjutab ralliportaal DirtFish.<\/p>\n<p>Tiimide spordidirektorid Kaj Lindstr\u00f6m (Toyota) ja Andrew Wheatley (Hyundai) saatsid \u00fchiskirja, kus r\u00f5hutavad, et nende meeskondadel ei ole lubatud novembris peetavale Saudi Araabia etapile s\u00f5ita.<\/p>\n<p>Hyundai \u00fctles DirtFishile: \u201eL\u00e4his-Itta suunduvatele \u00e4rireisidele kehtivad m\u00f5ned piirangud, mida j\u00e4lgitakse iga p\u00e4ev ja mis pidevalt t\u00e4ienevad.\u201c <\/p>\n<p>Toyota avalduses lisati: \u201eToyota Gazoo Racing rallitiim s\u00f5ltub t\u00e4ielikult Toyota Motor Corporationist ja k\u00f5ik selle meeskonnaliikmed peavad j\u00e4rgima TMC eeskirju. TMC poliitika ei luba praegu L\u00e4his-Idas reisida. Meie kui ettev\u00f5te ja meeskond saame peakontorilt igal n\u00e4dalal teavet selle kohta, kas [selles poliitikas] on toimunud muudatusi.\u201c <\/p>\n<p>Vaatamata Toyota ja Hyundai \u00fchisp\u00f6\u00f6rdumisele suunab rahvusvaheline autoliit <a rel=\"noopener nofollow\" target=\"_blank\" href=\"https:\/\/www.delfi.ee\/teema\/24581961\/fia\" tag-id=\"24581961\">FIA<\/a> hetkel oma j\u00f5upingutused lahenduse leidmisele, et hooaja finaaletapp saaks Saudi Araabias toimuda.<\/p>\n<p>\u201eHetkel pole ametlikku otsust ega teadaannet tehtud. T\u00f6\u00f6 edeneb plaanip\u00e4raselt, midagi pole edasi l\u00fckatud ega ootele pandud. Kuid on t\u00f5si, et logistika osas on piirangud,\u201c teatas FIA maanteespordi direktor Emilia Abel.<\/p>\n<p>WRC promootori tegevjuht Julien Vial lisas: \u201eJ\u00e4lgime olukorda muidugi v\u00e4ga t\u00e4helepanelikult. Peame arvestama FIA soovituste ja meeskondade muredega, mida me ohutuse osas t\u00e4ielikult jagame, m\u00f5istes samal ajal ka oma lepingulisi kohustusi Saudi Araabia ees.\u201c<\/p>\n<p>DirtFishi andmetel v\u00f5ib FIA Saudi Araabia etapi osas otsuse teha j\u00e4rgmisel esmasp\u00e4eval. <\/p>\n<p><a rel=\"noopener nofollow\" target=\"_blank\" href=\"https:\/\/www.delfi.ee\/teema\/70505481\/jeddah\" tag-id=\"70505481\">Jeddahi<\/a> planeeritud etapp peaks toimuma 11.-14. novembril.<\/p>\n<p>Kuidas see lugu Sind end tundma pani?Saada<a href=\"https:\/\/sport.delfi.ee\/a\/120608469\/kommentaarid\" class=\"button button--primary button--size-auto article-body-bottom__comment article-body-bottom__comment--write\" style=\"\" rel=\"nofollow noopener\" target=\"_blank\">Kommenteeri<\/a><a href=\"https:\/\/sport.delfi.ee\/a\/120608469\/kommentaarid\" class=\"button button--size-auto article-body-bottom__comment article-body-bottom__comment--read\" style=\"\" rel=\"nofollow noopener\" target=\"_blank\">Loe kommentaare (7)<\/a><\/p>\n","protected":false},"excerpt":{"rendered":"M\u00f5lema tiimi autotootja on seadnud WRC-meeskonnale piirangud L\u00e4his-Ida ohtlikesse piirkondadesse reisimise suhtes, mis h\u00f5lmab ka Saudi Araabiat, kirjutab&hellip;\n","protected":false},"author":2,"featured_media":268940,"comment_status":"","ping_status":"","sticky":false,"template":"","format":"standard","meta":{"footnotes":"","_share_on_mastodon":"0"},"categories":[18],"tags":[1526,37,33,35,34,36,3306,16532,24135,159,158,1192],"class_list":["post-268939","post","type-post","status-publish","format-standard","has-post-thumbnail","category-sport","tag-autoralli","tag-ee","tag-eesti","tag-eesti-keel","tag-estonia","tag-estonian","tag-fia","tag-jeddah","tag-saudi-araabia-ralli","tag-sport","tag-sports","tag-wrc"],"share_on_mastodon":{"url":"https:\/\/pubeurope.com\/@ee\/117217190398414801","error":""},"_links":{"self":[{"href":"https:\/\/www.europesays.com\/ee\/wp-json\/wp\/v2\/posts\/268939","targetHints":{"allow":["GET"]}}],"collection":[{"href":"https:\/\/www.europesays.com\/ee\/wp-json\/wp\/v2\/posts"}],"about":[{"href":"https:\/\/www.europesays.com\/ee\/wp-json\/wp\/v2\/types\/post"}],"author":[{"embeddable":true,"href":"https:\/\/www.europesays.com\/ee\/wp-json\/wp\/v2\/users\/2"}],"replies":[{"embeddable":true,"href":"https:\/\/www.europesays.com\/ee\/wp-json\/wp\/v2\/comments?post=268939"}],"version-history":[{"count":0,"href":"https:\/\/www.europesays.com\/ee\/wp-json\/wp\/v2\/posts\/268939\/revisions"}],"wp:featuredmedia":[{"embeddable":true,"href":"https:\/\/www.europesays.com\/ee\/wp-json\/wp\/v2\/media\/268940"}],"wp:attachment":[{"href":"https:\/\/www.europesays.com\/ee\/wp-json\/wp\/v2\/media?parent=268939"}],"wp:term":[{"taxonomy":"category","embeddable":true,"href":"https:\/\/www.europesays.com\/ee\/wp-json\/wp\/v2\/categories?post=268939"},{"taxonomy":"post_tag","embeddable":true,"href":"https:\/\/www.europesays.com\/ee\/wp-json\/wp\/v2\/tags?post=268939"}],"curies":[{"name":"wp","href":"https:\/\/api.w.org\/{rel}","templated":true}]}}