{"id":268943,"date":"2026-09-05T07:24:13","date_gmt":"2026-09-05T07:24:13","guid":{"rendered":"https:\/\/www.europesays.com\/ee\/268943\/"},"modified":"2026-09-05T07:24:13","modified_gmt":"2026-09-05T07:24:13","slug":"suurim-hobedaaare-seni-taani-majaomanik-leidis-oma-tagahoovist-viikingiaegse-varanduse","status":"publish","type":"post","link":"https:\/\/www.europesays.com\/ee\/268943\/","title":{"rendered":"Suurim h\u00f5bedaaare seni: Taani majaomanik leidis oma tagahoovist viikingiaegse varanduse"},"content":{"rendered":"<p>Aare koosneb ligikaudu 700 h\u00f5beesemest, sealhulgas h\u00f5beplaatidest, ehetest, 47 tervest m\u00fcndist ja m\u00fcndit\u00fckkidest ning v\u00e4ikesest Thori vasarast. Umbes 320 neist esemetest oli savianumas, \u00fclej\u00e4\u00e4nud aga mullas laiali. Kohalike muuseumide <a rel=\"noopener follow nofollow\" target=\"_blank\" href=\"https:\/\/nordjyskemuseer.dk\/havearbejde-afsloerer-danmarks-stoerste-vikingesoelvskat\/\" data-rel-date-range=\"[]\">avalduse kohaselt<\/a> on see aare peaaegu kolm korda suurem kui varasem suurim viikingiaegne h\u00f5beda leid Taanist.<\/p>\n<p>\u00dchele h\u00f5beplaadile on graveeritud ruunid. Avalduse kohaselt v\u00f5ib graveeringust lugeda v\u00e4lja s\u00f5na \u201ehutu\u201c, mis v\u00f5ib viidata isiku nimele v\u00f5i omaniku m\u00e4rgistusele.<\/p>\n<p><img decoding=\"async\" src=\"https:\/\/www.europesays.com\/ee\/wp-content\/uploads\/2026\/09\/747b8568-a1a3-46e9-8d29-ea4997c497e7.jpg\" loading=\"lazy\" alt=\"\u00dchele h\u00f5beplaadile on graveeritud ruunid\"\/><\/p>\n<p>Majaomanik leidis umbes 1100 aasta vanuse aarde m\u00f6\u00f6dunud kevadel Rebildi vallas terrassi ehitamise k\u00e4igus. Ootamatult p\u00f5rkas ta millegi vastu, mis tekitas kummalist heli. \u201eSee pidi olema vaid paar tundi rasket aiat\u00f6\u00f6d, et eemaldada uue terrassi jaoks rohi, kivid ja kruus, kuid sellest sai hoopis mu elu suurim \u00fcllatus,\u201c \u00fctles ta avalduses.<\/p>\n<p>Avalduse kohaselt on m\u00fcntide hulgas kaks anglosaksi h\u00f5bepenni, mis on vermitud kuningas Edward Vanema valitsemisajal. See viitab sellele, et aare p\u00e4rineb 10. sajandist.<\/p>\n<p>Aardes on ka islami m\u00fcnte, mis koos anglosaksi m\u00fcntidega annavad t\u00f5endeid selle kohta, et viikingiaegsel Taanil olid tugevad sidemed nii erinevate Euroopa piirkondadega kui ka kaugete idapoolsete aladega, \u00fctles P\u00f5hja-J\u00fc\u00fctimaa muuseumide kultuurip\u00e4randi juht Torben Sarauw. Viikingiajal oli islamimaailma ja skandinaavlaste vaheliste sidemete kohta varemgi piisavalt t\u00f5endeid, sealhulgas hiljutine avastus, et Taanis leitud viikingite pennid olid valmistatud sulatatud islami rahast.<\/p>\n<p><img decoding=\"async\" src=\"https:\/\/www.europesays.com\/ee\/wp-content\/uploads\/2026\/09\/f8fc7153-6e71-451b-b948-a3c975785c03.jpg\" loading=\"lazy\" alt=\"Aare sisaldab nii araabia kui ka anglosaksi m\u00fcnte\"\/><\/p>\n<p>\u201eKui anal\u00fc\u00fcsime h\u00f5beesemete kaalu, annab aare teavet viikingiaja majanduslike tavade kohta,\u201c \u00fctles Sarauw. \u201eAare ei koosne ainult ilusatest esemetest. Enamik neist kuulub kaalu j\u00e4rgi struktureeritud s\u00fcsteemi.\u201c<\/p>\n<p>Tegelikult saab k\u00f5ik h\u00f5beplaadid ning osa k\u00e4ev\u00f5rudest ja h\u00f5bedat\u00fckkidest jagada kindlatesse kaalur\u00fchmadesse. \u201eAare n\u00e4itab v\u00e4ga selgelt, kuidas h\u00f5be viikingiajal maksevahendina toimis,\u201c lisas Sarauw avalduses. \u201eSee on nagu viikingiaegse seifi leidmine.\u201c<\/p>\n<p><img decoding=\"async\" src=\"https:\/\/www.europesays.com\/ee\/wp-content\/uploads\/2026\/09\/d200aa07-2408-43a0-95bf-9ca104d76bf2.jpg\" loading=\"lazy\" alt=\"H\u00f5beplaadid, millel v\u00f5is olenevalt suurusest olla konkreetne rahaline v\u00e4\u00e4rtus\"\/><\/p>\n<p>Pole selge, miks aare maha maeti. Avalduse kohaselt v\u00f5idi see peita viikingite asula l\u00e4hedusse, praeguseks kadunud tee \u00e4\u00e4rde v\u00f5i paigutada kaugemasse, salajasse asukohta. Selle k\u00fcsimuse vastamiseks oleks vaja ulatuslikke arheoloogilisi uuringuid, mis on sellises asustatud piirkonnas pea v\u00f5imatu.<\/p>\n","protected":false},"excerpt":{"rendered":"Aare koosneb ligikaudu 700 h\u00f5beesemest, sealhulgas h\u00f5beplaatidest, ehetest, 47 tervest m\u00fcndist ja m\u00fcndit\u00fckkidest ning v\u00e4ikesest Thori vasarast. Umbes&hellip;\n","protected":false},"author":2,"featured_media":268944,"comment_status":"","ping_status":"","sticky":false,"template":"","format":"standard","meta":{"footnotes":"","_share_on_mastodon":"0"},"categories":[80],"tags":[26,27,37,33,35,34,36,31,32,21,28,29,95,19,25,264,23,24,22,20,30,92,93,94],"class_list":["post-268943","post","type-post","status-publish","format-standard","has-post-thumbnail","category-maailm","tag-breaking-news","tag-breakingnews","tag-ee","tag-eesti","tag-eesti-keel","tag-estonia","tag-estonian","tag-featured-news","tag-featurednews","tag-headlines","tag-latest-news","tag-latestnews","tag-maailm","tag-news","tag-populaarseimad-lood","tag-taani","tag-top-stories","tag-topstories","tag-uldised-uudised","tag-uudised","tag-viimased-uudised","tag-world","tag-world-news","tag-worldnews"],"share_on_mastodon":{"url":"https:\/\/pubeurope.com\/@ee\/117217241919919131","error":""},"_links":{"self":[{"href":"https:\/\/www.europesays.com\/ee\/wp-json\/wp\/v2\/posts\/268943","targetHints":{"allow":["GET"]}}],"collection":[{"href":"https:\/\/www.europesays.com\/ee\/wp-json\/wp\/v2\/posts"}],"about":[{"href":"https:\/\/www.europesays.com\/ee\/wp-json\/wp\/v2\/types\/post"}],"author":[{"embeddable":true,"href":"https:\/\/www.europesays.com\/ee\/wp-json\/wp\/v2\/users\/2"}],"replies":[{"embeddable":true,"href":"https:\/\/www.europesays.com\/ee\/wp-json\/wp\/v2\/comments?post=268943"}],"version-history":[{"count":0,"href":"https:\/\/www.europesays.com\/ee\/wp-json\/wp\/v2\/posts\/268943\/revisions"}],"wp:featuredmedia":[{"embeddable":true,"href":"https:\/\/www.europesays.com\/ee\/wp-json\/wp\/v2\/media\/268944"}],"wp:attachment":[{"href":"https:\/\/www.europesays.com\/ee\/wp-json\/wp\/v2\/media?parent=268943"}],"wp:term":[{"taxonomy":"category","embeddable":true,"href":"https:\/\/www.europesays.com\/ee\/wp-json\/wp\/v2\/categories?post=268943"},{"taxonomy":"post_tag","embeddable":true,"href":"https:\/\/www.europesays.com\/ee\/wp-json\/wp\/v2\/tags?post=268943"}],"curies":[{"name":"wp","href":"https:\/\/api.w.org\/{rel}","templated":true}]}}