{"id":268945,"date":"2026-09-05T07:25:11","date_gmt":"2026-09-05T07:25:11","guid":{"rendered":"https:\/\/www.europesays.com\/ee\/268945\/"},"modified":"2026-09-05T07:25:11","modified_gmt":"2026-09-05T07:25:11","slug":"oigusriigi-vahefinis-laaneti-sonul-peab-suutute-inimeste-kohtu-ette-tirimine-loppema","status":"publish","type":"post","link":"https:\/\/www.europesays.com\/ee\/268945\/","title":{"rendered":"\u00d5igusriigi vahefini\u0161: Laaneti s\u00f5nul peab s\u00fc\u00fctute inimeste kohtu ette tirimine l\u00f5ppema"},"content":{"rendered":"<p>                                        <img decoding=\"async\" src=\"https:\/\/news.inbox.eu\/w\/img\/16\/f1\/16f1e30209408f0859-800x0.jpg\" onerror=\"this.src=\" https:=\"\" onload=\"if(this.width &lt;= 1){this.src=\"\/><\/p>\n<p>\u00dc\u00fcrih\u00fcvitisega seotud s\u00fc\u00fcasjas hiljuti l\u00f5plikult \u00f5igeks m\u00f5istetud endine justiitsminister Kalle Laanet ei kavatse peatuda, nimetab toimunut k\u00f5lavalt \u00f5igusriigi vahefini\u0161iks, ning on seadnud eesm\u00e4rgiks teha k\u00f5ik endast oleneva, et edaspidi s\u00fc\u00fctud inimesed prokuratuuri hambusse ei satuks. Ka Laanetit kaitsnud tippadvokaat Oliver N\u00e4\u00e4s leiab, et praegune kriminaalmenetluse kord vajab reformi, et v\u00e4hendada prokuratuuri pea piiramatuna n\u00e4ivat ainuvoli s\u00fc\u00fcasjade menetlemisel ja kohtusse saatmisel.<\/p>\n","protected":false},"excerpt":{"rendered":"\u00dc\u00fcrih\u00fcvitisega seotud s\u00fc\u00fcasjas hiljuti l\u00f5plikult \u00f5igeks m\u00f5istetud endine justiitsminister Kalle Laanet ei kavatse peatuda, nimetab toimunut k\u00f5lavalt \u00f5igusriigi&hellip;\n","protected":false},"author":2,"featured_media":268946,"comment_status":"","ping_status":"","sticky":false,"template":"","format":"standard","meta":{"footnotes":"","_share_on_mastodon":"0"},"categories":[12],"tags":[26,27,37,33,35,34,36,31,32,21,28,29,19,25,23,24,22,20,30],"class_list":["post-268945","post","type-post","status-publish","format-standard","has-post-thumbnail","category-eesti","tag-breaking-news","tag-breakingnews","tag-ee","tag-eesti","tag-eesti-keel","tag-estonia","tag-estonian","tag-featured-news","tag-featurednews","tag-headlines","tag-latest-news","tag-latestnews","tag-news","tag-populaarseimad-lood","tag-top-stories","tag-topstories","tag-uldised-uudised","tag-uudised","tag-viimased-uudised"],"share_on_mastodon":{"url":"https:\/\/pubeurope.com\/@ee\/117217245435652502","error":""},"_links":{"self":[{"href":"https:\/\/www.europesays.com\/ee\/wp-json\/wp\/v2\/posts\/268945","targetHints":{"allow":["GET"]}}],"collection":[{"href":"https:\/\/www.europesays.com\/ee\/wp-json\/wp\/v2\/posts"}],"about":[{"href":"https:\/\/www.europesays.com\/ee\/wp-json\/wp\/v2\/types\/post"}],"author":[{"embeddable":true,"href":"https:\/\/www.europesays.com\/ee\/wp-json\/wp\/v2\/users\/2"}],"replies":[{"embeddable":true,"href":"https:\/\/www.europesays.com\/ee\/wp-json\/wp\/v2\/comments?post=268945"}],"version-history":[{"count":0,"href":"https:\/\/www.europesays.com\/ee\/wp-json\/wp\/v2\/posts\/268945\/revisions"}],"wp:featuredmedia":[{"embeddable":true,"href":"https:\/\/www.europesays.com\/ee\/wp-json\/wp\/v2\/media\/268946"}],"wp:attachment":[{"href":"https:\/\/www.europesays.com\/ee\/wp-json\/wp\/v2\/media?parent=268945"}],"wp:term":[{"taxonomy":"category","embeddable":true,"href":"https:\/\/www.europesays.com\/ee\/wp-json\/wp\/v2\/categories?post=268945"},{"taxonomy":"post_tag","embeddable":true,"href":"https:\/\/www.europesays.com\/ee\/wp-json\/wp\/v2\/tags?post=268945"}],"curies":[{"name":"wp","href":"https:\/\/api.w.org\/{rel}","templated":true}]}}