{"id":268957,"date":"2026-09-05T07:47:27","date_gmt":"2026-09-05T07:47:27","guid":{"rendered":"https:\/\/www.europesays.com\/ee\/268957\/"},"modified":"2026-09-05T07:47:27","modified_gmt":"2026-09-05T07:47:27","slug":"eesti-majanduses-on-naha-uut-lootust-kuid-parem-aeg-pole-veel-koigini-joudnud","status":"publish","type":"post","link":"https:\/\/www.europesays.com\/ee\/268957\/","title":{"rendered":"Eesti majanduses on n\u00e4ha uut lootust, kuid parem aeg pole veel k\u00f5igini j\u00f5udnud"},"content":{"rendered":"<p>\u201eEesti on oma majandust halvemaks r\u00e4\u00e4kinud ja isegi halvemaks m\u00f5\u00f5tnud,\u201c teatas rahandusminister <a rel=\"noopener nofollow\" target=\"_blank\" href=\"https:\/\/www.delfi.ee\/teema\/1146\/jurgen-ligi\" tag-id=\"1146\">J\u00fcrgen Ligi<\/a> \u00e4sjase majandusprognoosi tutvustusel. Tema s\u00f5nul n\u00e4itavad statistika ja prognoosid, et Eesti majandus on raskustega kohanenud, <a rel=\"noopener nofollow\" target=\"_blank\" href=\"https:\/\/www.delfi.ee\/teema\/96850728\/majanduskasv-1\" tag-id=\"96850728\">majanduskasv<\/a> on taastunud ja hinnad stabiliseerunud.<\/p>\n<p>Rahandusministeerium prognoosib Eesti majandusele j\u00e4rgmistel aastatel \u00fcle 2% kasvu. V\u00e4rske statistika j\u00e4rgi kasvas majandus teises kvartalis aastaga 1,8% ja suurenes viiendat kvartalit j\u00e4rjest. Eelmise kvartaliga v\u00f5rreldes oli kasv 0,3%.<\/p>\n","protected":false},"excerpt":{"rendered":"\u201eEesti on oma majandust halvemaks r\u00e4\u00e4kinud ja isegi halvemaks m\u00f5\u00f5tnud,\u201c teatas rahandusminister J\u00fcrgen Ligi \u00e4sjase majandusprognoosi tutvustusel. Tema&hellip;\n","protected":false},"author":2,"featured_media":268958,"comment_status":"","ping_status":"","sticky":false,"template":"","format":"standard","meta":{"footnotes":"","_share_on_mastodon":"0"},"categories":[12],"tags":[26,27,37,33,35,2759,34,36,31,32,21,3722,7165,746,28,29,3243,2198,19,25,2275,23,24,22,20,30],"class_list":["post-268957","post","type-post","status-publish","format-standard","has-post-thumbnail","category-eesti","tag-breaking-news","tag-breakingnews","tag-ee","tag-eesti","tag-eesti-keel","tag-eesti-majandus","tag-estonia","tag-estonian","tag-featured-news","tag-featurednews","tag-headlines","tag-inflatsioon","tag-investeeringud","tag-jurgen-ligi","tag-latest-news","tag-latestnews","tag-lhv","tag-majanduskasv","tag-news","tag-populaarseimad-lood","tag-swedbank","tag-top-stories","tag-topstories","tag-uldised-uudised","tag-uudised","tag-viimased-uudised"],"share_on_mastodon":{"url":"https:\/\/pubeurope.com\/@ee\/117217331939158914","error":""},"_links":{"self":[{"href":"https:\/\/www.europesays.com\/ee\/wp-json\/wp\/v2\/posts\/268957","targetHints":{"allow":["GET"]}}],"collection":[{"href":"https:\/\/www.europesays.com\/ee\/wp-json\/wp\/v2\/posts"}],"about":[{"href":"https:\/\/www.europesays.com\/ee\/wp-json\/wp\/v2\/types\/post"}],"author":[{"embeddable":true,"href":"https:\/\/www.europesays.com\/ee\/wp-json\/wp\/v2\/users\/2"}],"replies":[{"embeddable":true,"href":"https:\/\/www.europesays.com\/ee\/wp-json\/wp\/v2\/comments?post=268957"}],"version-history":[{"count":0,"href":"https:\/\/www.europesays.com\/ee\/wp-json\/wp\/v2\/posts\/268957\/revisions"}],"wp:featuredmedia":[{"embeddable":true,"href":"https:\/\/www.europesays.com\/ee\/wp-json\/wp\/v2\/media\/268958"}],"wp:attachment":[{"href":"https:\/\/www.europesays.com\/ee\/wp-json\/wp\/v2\/media?parent=268957"}],"wp:term":[{"taxonomy":"category","embeddable":true,"href":"https:\/\/www.europesays.com\/ee\/wp-json\/wp\/v2\/categories?post=268957"},{"taxonomy":"post_tag","embeddable":true,"href":"https:\/\/www.europesays.com\/ee\/wp-json\/wp\/v2\/tags?post=268957"}],"curies":[{"name":"wp","href":"https:\/\/api.w.org\/{rel}","templated":true}]}}