{"id":268959,"date":"2026-09-05T07:54:13","date_gmt":"2026-09-05T07:54:13","guid":{"rendered":"https:\/\/www.europesays.com\/ee\/268959\/"},"modified":"2026-09-05T07:54:13","modified_gmt":"2026-09-05T07:54:13","slug":"mustiline-venemaa-galina-brezneva-svetlana-stsolokova-ja-briljandid-vikerraadio","status":"publish","type":"post","link":"https:\/\/www.europesays.com\/ee\/268959\/","title":{"rendered":"M\u00fcstiline Venemaa. Galina Bre\u017eneva, Svetlana \u0160t\u0161olokova ja briljandid | Vikerraadio"},"content":{"rendered":"<p><img decoding=\"async\" src=\"https:\/\/www.europesays.com\/ee\/wp-content\/uploads\/2026\/09\/3790580h7dcct72.png\" alt=\"\"\/><\/p>\n<p>Saates &#8220;M\u00fcstiline Venemaa&#8221; mainitud NSV Liidu n\u00e4itleja Zoja Fjodorova. Autor\/allikas: kuvat\u00f5mmis Youtube`ist: https:\/\/www.youtube.com\/watch?v=PeDfAkncbSk\t\t\t\t<\/p>\n<p>Galina Bre\u017eneva ja Svetlana \u0160t\u0161olokova olid N\u00f5ukogude Liidu v\u00f5imuladvikuga seotud naised, kelle \u00fcmber tekkisid skandaalid seoses luksuslike juveelide ja v\u00e4\u00e4risesemetega.<\/p>\n<p>Privilegeeritud positsiooni t\u00f5ttu oli neil ligip\u00e4\u00e4s informatsioonile, ehetele plaaneeritud hinnat\u00f5usude kohta. Kasutades seda siseinfot, ostsid nad enne ametlikku hinnat\u00f5usu kokku tohututes kogustes juveele, teenides p\u00e4rast hinnat\u00f5usu spekulatsioonilt \u00fclikasumeid. Saates r\u00e4\u00e4gime, kuidas Galina ja Svetlana tegutsesid ning kuidas nendega seostatakse tol ajal aset leidnud briljandivargusi.\u00a0<\/p>\n<p>Saate autor on David Vseviov, helire\u017eiss\u00f6\u00f6r Maris Tombach. Saatel on ka <a href=\"https:\/\/www.facebook.com\/VikerraadioMV\/\" rel=\"nofollow noopener\" target=\"_blank\">Facebooki lehek\u00fclg.<\/a><\/p>\n<p>Kuulake p\u00fchap\u00e4eviti kell 11.20 (kordus kell 21.20).<\/p>\n","protected":false},"excerpt":{"rendered":"Saates &#8220;M\u00fcstiline Venemaa&#8221; mainitud NSV Liidu n\u00e4itleja Zoja Fjodorova. Autor\/allikas: kuvat\u00f5mmis Youtube`ist: https:\/\/www.youtube.com\/watch?v=PeDfAkncbSk Galina Bre\u017eneva ja Svetlana \u0160t\u0161olokova&hellip;\n","protected":false},"author":2,"featured_media":268960,"comment_status":"","ping_status":"","sticky":false,"template":"","format":"standard","meta":{"footnotes":"","_share_on_mastodon":"0"},"categories":[16],"tags":[37,33,35,173,34,36,140],"class_list":["post-268959","post","type-post","status-publish","format-standard","has-post-thumbnail","category-meelelahutus","tag-ee","tag-eesti","tag-eesti-keel","tag-entertainment","tag-estonia","tag-estonian","tag-meelelahutus"],"share_on_mastodon":{"url":"https:\/\/pubeurope.com\/@ee\/117217360123836122","error":""},"_links":{"self":[{"href":"https:\/\/www.europesays.com\/ee\/wp-json\/wp\/v2\/posts\/268959","targetHints":{"allow":["GET"]}}],"collection":[{"href":"https:\/\/www.europesays.com\/ee\/wp-json\/wp\/v2\/posts"}],"about":[{"href":"https:\/\/www.europesays.com\/ee\/wp-json\/wp\/v2\/types\/post"}],"author":[{"embeddable":true,"href":"https:\/\/www.europesays.com\/ee\/wp-json\/wp\/v2\/users\/2"}],"replies":[{"embeddable":true,"href":"https:\/\/www.europesays.com\/ee\/wp-json\/wp\/v2\/comments?post=268959"}],"version-history":[{"count":0,"href":"https:\/\/www.europesays.com\/ee\/wp-json\/wp\/v2\/posts\/268959\/revisions"}],"wp:featuredmedia":[{"embeddable":true,"href":"https:\/\/www.europesays.com\/ee\/wp-json\/wp\/v2\/media\/268960"}],"wp:attachment":[{"href":"https:\/\/www.europesays.com\/ee\/wp-json\/wp\/v2\/media?parent=268959"}],"wp:term":[{"taxonomy":"category","embeddable":true,"href":"https:\/\/www.europesays.com\/ee\/wp-json\/wp\/v2\/categories?post=268959"},{"taxonomy":"post_tag","embeddable":true,"href":"https:\/\/www.europesays.com\/ee\/wp-json\/wp\/v2\/tags?post=268959"}],"curies":[{"name":"wp","href":"https:\/\/api.w.org\/{rel}","templated":true}]}}