{"id":268961,"date":"2026-09-05T07:57:15","date_gmt":"2026-09-05T07:57:15","guid":{"rendered":"https:\/\/www.europesays.com\/ee\/268961\/"},"modified":"2026-09-05T07:57:15","modified_gmt":"2026-09-05T07:57:15","slug":"venemaa-jatkas-kiievi-pommitamist-hoolimata-usa-saadikute-visiidiks-pakutud-relvarahust","status":"publish","type":"post","link":"https:\/\/www.europesays.com\/ee\/268961\/","title":{"rendered":"Venemaa j\u00e4tkas Kiievi pommitamist, hoolimata USA saadikute visiidiks pakutud relvarahust"},"content":{"rendered":"<p>Ukraina v\u00e4gedel on k\u00e4stud peatada r\u00fcnnakud Venemaale ajavahemikus 5.\u20138. september seoses USA erisaadikute <a rel=\"noopener nofollow\" target=\"_blank\" href=\"https:\/\/www.delfi.ee\/teema\/96867289\/steve-witkoff\" tag-id=\"96867289\">Steve Witkoffi<\/a> ja <a rel=\"noopener nofollow\" target=\"_blank\" href=\"https:\/\/www.delfi.ee\/teema\/76858148\/jared-kushner\" tag-id=\"76858148\">Jared Kushneri<\/a> visiidiga Kiievisse ja Moskvasse, vahendas Ukrajinska Pravda. Saadikutel on plaanis arutada Ukraina s\u00f5ja l\u00f5petamise ettepanekut.<\/p>\n<p>Vaenutegevuse peatamine oli v\u00e4idetavalt Ukraina ettepanek, kuid ametlikust ajutisest vaherahust ei teatatud. Vaatamata sellele, et Ukraina l\u00f5petas r\u00fcnnakud Venemaale, j\u00e4tkas Venemaa oma r\u00fcnnakuid, sealhulgas Kiievi, Poltava, Dnipro ja Odessa oblastis, vahendab Kyiv Independent.<\/p>\n<p>Kiievis ja seda \u00fcmbritsevas piirkonnas oli \u00f6\u00f6 jooksul korduvalt kuulda \u00f5huh\u00e4iresireene. V\u00e4ljaande andmetel oli eile hilis\u00f5htul Kiievi kesklinnas kuulda ka plahvatust.<\/p>\n<p>Kiievi oblasti Kuberner T\u00f5mur Tkat\u0161enko teatas, et Venemaa r\u00fcndas Kiievist 29 kilomeetri kaugusel asuvat Bor\u00f5spili, mille tagaj\u00e4rjel sai vigastada kaks naist. M\u00f5lemad on viidud haiglaravile. Samuti teatasid v\u00f5imud, et Bor\u00f5spilis s\u00fcttis ja sai kahjustada \u00fcheksakorruselise elumaja katus ja \u00fclemine korrus.<\/p>\n<p>V\u00e4rsked Venemaa r\u00fcnnakud Kiievile on osa suuremast r\u00fcnnakulainest, mis on kestnud juba \u00fcheksandat p\u00e4eva j\u00e4rjest. Lakkamatu pommitamine on tapnud \u00fcle 50 inimese ja vigastanud \u00fcle saja.<\/p>\n<p>Venemaa r\u00fcnnakud pealinnale j\u00e4tkuvad ka p\u00e4evasel ajal. Eile p\u00e4eval tabas droon Ukraina Julgeolekuteenistuse (SBU) peakorterit Kiievi kesklinnas, vigastades v\u00e4hemalt 12 inimest.<\/p>\n<p>Kuidas see lugu Sind end tundma pani?Saada<a href=\"https:\/\/www.delfi.ee\/artikkel\/120608559\/venemaa-jatkas-kiievi-pommitamist-hoolimata-usa-saadikute-visiidiks-pakutud-relvarahust\/kommentaarid\" class=\"button button--primary button--size-auto article-body-bottom__comment article-body-bottom__comment--write\" style=\"\" rel=\"nofollow noopener\" target=\"_blank\">Kommenteeri<\/a><a href=\"https:\/\/www.delfi.ee\/artikkel\/120608559\/venemaa-jatkas-kiievi-pommitamist-hoolimata-usa-saadikute-visiidiks-pakutud-relvarahust\/kommentaarid\" class=\"button button--size-auto article-body-bottom__comment article-body-bottom__comment--read\" style=\"\" rel=\"nofollow noopener\" target=\"_blank\">Loe kommentaare (2)<\/a><\/p>\n","protected":false},"excerpt":{"rendered":"Ukraina v\u00e4gedel on k\u00e4stud peatada r\u00fcnnakud Venemaale ajavahemikus 5.\u20138. september seoses USA erisaadikute Steve Witkoffi ja Jared Kushneri&hellip;\n","protected":false},"author":2,"featured_media":268962,"comment_status":"","ping_status":"","sticky":false,"template":"","format":"standard","meta":{"footnotes":"","_share_on_mastodon":"0"},"categories":[80],"tags":[26,27,37,33,35,34,36,31,32,21,8831,1208,28,29,95,19,25,107,8832,23,24,262,22,325,20,96,30,92,93,94],"class_list":["post-268961","post","type-post","status-publish","format-standard","has-post-thumbnail","category-maailm","tag-breaking-news","tag-breakingnews","tag-ee","tag-eesti","tag-eesti-keel","tag-estonia","tag-estonian","tag-featured-news","tag-featurednews","tag-headlines","tag-jared-kushner","tag-kiiev","tag-latest-news","tag-latestnews","tag-maailm","tag-news","tag-populaarseimad-lood","tag-soda-ukrainas","tag-steve-witkoff","tag-top-stories","tag-topstories","tag-ukraina","tag-uldised-uudised","tag-usa","tag-uudised","tag-venemaa","tag-viimased-uudised","tag-world","tag-world-news","tag-worldnews"],"share_on_mastodon":{"url":"https:\/\/pubeurope.com\/@ee\/117217371560381511","error":""},"_links":{"self":[{"href":"https:\/\/www.europesays.com\/ee\/wp-json\/wp\/v2\/posts\/268961","targetHints":{"allow":["GET"]}}],"collection":[{"href":"https:\/\/www.europesays.com\/ee\/wp-json\/wp\/v2\/posts"}],"about":[{"href":"https:\/\/www.europesays.com\/ee\/wp-json\/wp\/v2\/types\/post"}],"author":[{"embeddable":true,"href":"https:\/\/www.europesays.com\/ee\/wp-json\/wp\/v2\/users\/2"}],"replies":[{"embeddable":true,"href":"https:\/\/www.europesays.com\/ee\/wp-json\/wp\/v2\/comments?post=268961"}],"version-history":[{"count":0,"href":"https:\/\/www.europesays.com\/ee\/wp-json\/wp\/v2\/posts\/268961\/revisions"}],"wp:featuredmedia":[{"embeddable":true,"href":"https:\/\/www.europesays.com\/ee\/wp-json\/wp\/v2\/media\/268962"}],"wp:attachment":[{"href":"https:\/\/www.europesays.com\/ee\/wp-json\/wp\/v2\/media?parent=268961"}],"wp:term":[{"taxonomy":"category","embeddable":true,"href":"https:\/\/www.europesays.com\/ee\/wp-json\/wp\/v2\/categories?post=268961"},{"taxonomy":"post_tag","embeddable":true,"href":"https:\/\/www.europesays.com\/ee\/wp-json\/wp\/v2\/tags?post=268961"}],"curies":[{"name":"wp","href":"https:\/\/api.w.org\/{rel}","templated":true}]}}