{"id":268965,"date":"2026-09-05T08:05:23","date_gmt":"2026-09-05T08:05:23","guid":{"rendered":"https:\/\/www.europesays.com\/ee\/268965\/"},"modified":"2026-09-05T08:05:23","modified_gmt":"2026-09-05T08:05:23","slug":"terevisioon-algab-eesti-laulu-konkurss-jupiter-err","status":"publish","type":"post","link":"https:\/\/www.europesays.com\/ee\/268965\/","title":{"rendered":"Terevisioon: Algab Eesti Laulu konkurss &#8211; Jupiter | ERR"},"content":{"rendered":"<ol>\n<li><a href=\"https:\/\/news.google.com\/rss\/articles\/CBMibEFVX3lxTE96V0Z1RlF0dHJlSzFsWklEalNqWldaTG9scWlWazcxQmdQZHl3VHI0Q2RLTGgtZG1RaXE0eXZoQk5uRUczeWtVb0xZVHg3R1otcmJIdjRSTzFXSktxVzkxczQ3akJ2UXJna1F3cQ?oc=5\" target=\"_blank\" rel=\"nofollow noopener\">Terevisioon: Algab Eesti Laulu konkurss<\/a>&nbsp;&nbsp;Jupiter | ERR<\/li>\n<li><a href=\"https:\/\/news.google.com\/rss\/articles\/CBMiuwFBVV95cUxNUHNzcEE4Zl9aSjdBb3FaaGRlNVFUN1BSSWVxWnpmUnFpZ2VIWGQtb3NsZEpEZWpDVGg3TnF2UjRpOGdNZWRkU3RuS3pfYm1BZHVFcmc5MmhXZUloeFZZSmIwSDdfaERxa3FEUGlSZkZMam1hWHp3a3JUXzJzTEhFYi1XZVgzZkpqRnFMckJBM2VELUpjd2xTZGk5dWNIRzdwVDJzMWUzVmdwOWkwaWRfV1NoZW5ERHl0WDRJ?oc=5\" target=\"_blank\" rel=\"nofollow noopener\">Eesti Laul l\u00e4bib suure muudatuse: v\u00f5itja ei pruugi enam Eurovisionile s\u00f5ita<\/a>&nbsp;&nbsp;Kroonika<\/li>\n<li><a href=\"https:\/\/news.google.com\/rss\/articles\/CBMioAFBVV95cUxOeUdiSnRtS2xUQnJMbGlnZjcxajhFZnFJVzJSNkNTLW1RMzgxeVl5dmhtV2tRRmFwZWlkazlGSGlHWk9oQjE0dTlYZ1dydVQtdjV1RTRnLUhkcFJhLXVuUTFGa2xlZVA5VHd1ZTlzbFpTRHFhcnRjQ0Q5SlRjVXNnWDhjNVc2ZzNHYldDa1k0SlhVX1ZnN0pEUmY2R3BkUDhX?oc=5\" target=\"_blank\" rel=\"nofollow noopener\">Produtsent Riin Vann: tegime Eesti Laulu reeglites m\u00f5ned t\u00e4psustused<\/a>&nbsp;&nbsp;eeter | ERR<\/li>\n<li><a href=\"https:\/\/news.google.com\/rss\/articles\/CBMivwFBVV95cUxPd0dqTlJwLVY5VTIzTXpyVWF2dEdBLS1jVVdnUG5yN1RXZTREQkJhMjdXQ2s4UlMwSEg4M3ZlR2FFbFVqRld4dlRuR3EwMDMwX2VBd1pXYlNEdmlnVnNUX3lFM01vaXBMYzE5RnJxS0x3clQ1UEtZRjNja1c3RmJxbUFPTW16Sjc3VWdzZlNCS2k0RXFQSFFNMmtBMDg1VGtWd2d6VjhvN3VHaDFtRHRoaC04S2dQVmdSNS1RV0tNSQ?oc=5\" target=\"_blank\" rel=\"nofollow noopener\">SUUR MUUDATUS! Eesti Laul avas lugude esitamise, v\u00f5itja ei pruugigi Eurovisionile s\u00f5ita<\/a>&nbsp;&nbsp;\u00d5htuleht<\/li>\n<li><a href=\"https:\/\/news.google.com\/rss\/articles\/CBMiYEFVX3lxTE1VY3NnRkJORktnTWxFd29aUmVUV1JaMmhXRzlwQjA1YnoxLTVweU95YTJDanZLWHBYbGpmNWNHZDN1VnYxYXhGY2x3Q1RjcHZfUHdReWJrVUFZZkdzd1N1Qg?oc=5\" target=\"_blank\" rel=\"nofollow noopener\">F\u00c4NNILEHTEDE SAHINAD EI PIDANUD PAIKA: EESTI LAUL 2027 POLE VEEL AVATUD<\/a>&nbsp;&nbsp;MuusikaPlaneet &#8211;<\/li>\n<\/ol>\n","protected":false},"excerpt":{"rendered":"Terevisioon: Algab Eesti Laulu konkurss&nbsp;&nbsp;Jupiter | ERR Eesti Laul l\u00e4bib suure muudatuse: v\u00f5itja ei pruugi enam Eurovisionile s\u00f5ita&nbsp;&nbsp;Kroonika&hellip;\n","protected":false},"author":2,"featured_media":268966,"comment_status":"","ping_status":"","sticky":false,"template":"","format":"standard","meta":{"footnotes":"","_share_on_mastodon":"0"},"categories":[16],"tags":[37,33,35,173,34,36,140],"class_list":["post-268965","post","type-post","status-publish","format-standard","has-post-thumbnail","category-meelelahutus","tag-ee","tag-eesti","tag-eesti-keel","tag-entertainment","tag-estonia","tag-estonian","tag-meelelahutus"],"share_on_mastodon":{"url":"https:\/\/pubeurope.com\/@ee\/117217403133478389","error":""},"_links":{"self":[{"href":"https:\/\/www.europesays.com\/ee\/wp-json\/wp\/v2\/posts\/268965","targetHints":{"allow":["GET"]}}],"collection":[{"href":"https:\/\/www.europesays.com\/ee\/wp-json\/wp\/v2\/posts"}],"about":[{"href":"https:\/\/www.europesays.com\/ee\/wp-json\/wp\/v2\/types\/post"}],"author":[{"embeddable":true,"href":"https:\/\/www.europesays.com\/ee\/wp-json\/wp\/v2\/users\/2"}],"replies":[{"embeddable":true,"href":"https:\/\/www.europesays.com\/ee\/wp-json\/wp\/v2\/comments?post=268965"}],"version-history":[{"count":0,"href":"https:\/\/www.europesays.com\/ee\/wp-json\/wp\/v2\/posts\/268965\/revisions"}],"wp:featuredmedia":[{"embeddable":true,"href":"https:\/\/www.europesays.com\/ee\/wp-json\/wp\/v2\/media\/268966"}],"wp:attachment":[{"href":"https:\/\/www.europesays.com\/ee\/wp-json\/wp\/v2\/media?parent=268965"}],"wp:term":[{"taxonomy":"category","embeddable":true,"href":"https:\/\/www.europesays.com\/ee\/wp-json\/wp\/v2\/categories?post=268965"},{"taxonomy":"post_tag","embeddable":true,"href":"https:\/\/www.europesays.com\/ee\/wp-json\/wp\/v2\/tags?post=268965"}],"curies":[{"name":"wp","href":"https:\/\/api.w.org\/{rel}","templated":true}]}}