{"id":268971,"date":"2026-09-05T08:09:42","date_gmt":"2026-09-05T08:09:42","guid":{"rendered":"https:\/\/www.europesays.com\/ee\/268971\/"},"modified":"2026-09-05T08:09:42","modified_gmt":"2026-09-05T08:09:42","slug":"isegi-katepesu-ei-olevat-soovitav-ametniku-hoiatus-pani-lapsevanemad-muretsema","status":"publish","type":"post","link":"https:\/\/www.europesays.com\/ee\/268971\/","title":{"rendered":"&#8220;Isegi k\u00e4tepesu ei olevat soovitav.&#8221; Ametniku hoiatus pani lapsevanemad muretsema"},"content":{"rendered":"<p class=\"MsoNormal\">Vallamajast lasteaedadele saadetud teates lisati, et &#8220;isegi k\u00e4tepesu ei olevat praegu soovitav&#8221;, ning paluti info kiiresti r\u00fchmadesse edasi saata. Arusaadavalt tekitas teate s\u00f5nastus osas lapsevanemates \u00e4revust.<\/p>\n<p class=\"MsoNormal\">Saaremaa vallavanem Rainer Antsaar selgitas, et k\u00e4tepesu puudutav soovitus oli ennetav meede ega t\u00e4hendanud, et kraaniveega k\u00e4te pesemist oleks peetud iseenesest ohtlikuks.<\/p>\n<p class=\"MsoNormal\">&#8220;Soovitus on kantud sellest, et lasteaiakasvataja ei suuda kontrollida, kas lapsed p\u00e4rast pesu oma k\u00e4si suhu ei pane ja sealt endale mingit bakterit ei saa,\u201c \u00fctles Antsaar. &#8220;See oli soovitus ennetamiseks.&#8221;<\/p>\n<p class=\"MsoNormal\">Kuressaare Veev\u00e4rgi esindaja Aivar S\u00f5rme s\u00f5nul v\u00f5ib bakterite sattumine p\u00f5hjavette olla seotud piirkonda tabanud tugeva vihmasajuga.<\/p>\n<p class=\"MsoNormal\">Tema s\u00f5nul j\u00f5udsid bakterid t\u00f5en\u00e4oliselt p\u00f5hjavette ja sealt edasi veet\u00f6\u00f6tluss\u00fcsteemi. Kuidas bakterid UV-puhastusest l\u00e4bi p\u00e4\u00e4sesid, vajab veel selgitamist.<\/p>\n<p class=\"MsoNormal\">Saarte H\u00e4\u00e4lele on v\u00e4idetud, et probleem v\u00f5is olla valgustuss\u00fcsteemi rikkes.<\/p>\n<p class=\"MsoNormal\">Vee puhtuse taastamiseks on lisaks kloreerimisele alustatud trasside l\u00e4bivoolutamist ehk torustikus oleva vee v\u00f5imalikult kiiret v\u00e4ljavahetamist. Kordusproove v\u00f5etakse iga p\u00e4ev ning edasised sammud s\u00f5ltuvad nende tulemustest.<\/p>\n<p class=\"MsoNormal\">&#8220;Praegu ei olegi muud teha kui k\u00f5igepealt vesi puhtaks. Teiseks me j\u00e4tkame kloreerimist nii kaua, kui see olukord on niisugune \u00f5rn, ja kolmandaks ehitame veel teise vaheseina teise v\u00f5imsa uue UV-lambi n\u00e4ol ette. P\u00fc\u00fcame ikkagi tagasi j\u00f5uda olukorda, et ei peaks kloreerima,&#8221; selgitas S\u00f5rm.<\/p>\n<p class=\"MsoNormal\">S\u00f5rme hinnangul v\u00f5ib olukorra t\u00e4ielik normaliseerumine v\u00f5tta mitu p\u00e4eva.<\/p>\n<p class=\"MsoNormal\">Kuressaare haigla erakorralise meditsiini osakonda ei ole seni j\u00f5udnud patsiente, kelle haiguss\u00fcmptomid oleksid seotud v\u00f5imaliku saastunud joogivee tarbimisega. Ka Kuressaare Veev\u00e4rgile ei ole teada antud veega seotud haigestumisjuhtumitest.<\/p>\n<p class=\"MsoNormal\">Aivar S\u00f5rm m\u00e4rkis, et ei ole arst, kuid tema hinnangul ei ole praegune olukord v\u00f5rreldav kolme aasta taguse juhtumiga, mil bakterin\u00e4idud olid oluliselt k\u00f5rgemad.<\/p>\n<p class=\"MsoNormal\">Veev\u00e4rk soovitab elanikel ettevaatusabin\u00f5una joogivett edasi keeta, kuni kordusanal\u00fc\u00fcside tulemused kinnitavad selle ohutust.<\/p>\n","protected":false},"excerpt":{"rendered":"Vallamajast lasteaedadele saadetud teates lisati, et &#8220;isegi k\u00e4tepesu ei olevat praegu soovitav&#8221;, ning paluti info kiiresti r\u00fchmadesse edasi&hellip;\n","protected":false},"author":2,"featured_media":268972,"comment_status":"","ping_status":"","sticky":false,"template":"","format":"standard","meta":{"footnotes":"","_share_on_mastodon":"0"},"categories":[12],"tags":[52222,26,27,37,33,35,34,36,31,32,21,9840,11217,28,29,19,25,13085,2123,23,24,22,20,30],"class_list":["post-268971","post","type-post","status-publish","format-standard","has-post-thumbnail","category-eesti","tag-aivar-sorm","tag-breaking-news","tag-breakingnews","tag-ee","tag-eesti","tag-eesti-keel","tag-estonia","tag-estonian","tag-featured-news","tag-featurednews","tag-headlines","tag-joogivesi","tag-kuressaare-veevark","tag-latest-news","tag-latestnews","tag-news","tag-populaarseimad-lood","tag-rainer-antsaar","tag-saaremaa-vald","tag-top-stories","tag-topstories","tag-uldised-uudised","tag-uudised","tag-viimased-uudised"],"share_on_mastodon":{"url":"https:\/\/pubeurope.com\/@ee\/117217418411237345","error":""},"_links":{"self":[{"href":"https:\/\/www.europesays.com\/ee\/wp-json\/wp\/v2\/posts\/268971","targetHints":{"allow":["GET"]}}],"collection":[{"href":"https:\/\/www.europesays.com\/ee\/wp-json\/wp\/v2\/posts"}],"about":[{"href":"https:\/\/www.europesays.com\/ee\/wp-json\/wp\/v2\/types\/post"}],"author":[{"embeddable":true,"href":"https:\/\/www.europesays.com\/ee\/wp-json\/wp\/v2\/users\/2"}],"replies":[{"embeddable":true,"href":"https:\/\/www.europesays.com\/ee\/wp-json\/wp\/v2\/comments?post=268971"}],"version-history":[{"count":0,"href":"https:\/\/www.europesays.com\/ee\/wp-json\/wp\/v2\/posts\/268971\/revisions"}],"wp:featuredmedia":[{"embeddable":true,"href":"https:\/\/www.europesays.com\/ee\/wp-json\/wp\/v2\/media\/268972"}],"wp:attachment":[{"href":"https:\/\/www.europesays.com\/ee\/wp-json\/wp\/v2\/media?parent=268971"}],"wp:term":[{"taxonomy":"category","embeddable":true,"href":"https:\/\/www.europesays.com\/ee\/wp-json\/wp\/v2\/categories?post=268971"},{"taxonomy":"post_tag","embeddable":true,"href":"https:\/\/www.europesays.com\/ee\/wp-json\/wp\/v2\/tags?post=268971"}],"curies":[{"name":"wp","href":"https:\/\/api.w.org\/{rel}","templated":true}]}}