{"id":268979,"date":"2026-09-05T08:21:22","date_gmt":"2026-09-05T08:21:22","guid":{"rendered":"https:\/\/www.europesays.com\/ee\/268979\/"},"modified":"2026-09-05T08:21:22","modified_gmt":"2026-09-05T08:21:22","slug":"eesti-on-euroopa-koige-suurema-rasvunute-osakaaluga-riikide-hulgas-eesti","status":"publish","type":"post","link":"https:\/\/www.europesays.com\/ee\/268979\/","title":{"rendered":"Eesti on Euroopa k\u00f5ige suurema rasvunute osakaaluga riikide hulgas | Eesti"},"content":{"rendered":"<p>Eesti on rasvunud t\u00e4iskasvanute osakaalult Euroopa viies riik, selgub Eurostati 2025. aasta andmetest.<\/p>\n<p>Euroopa Liidus oli 2025. aastal 18-aastastest ja vanematest inimestest 16,3 protsenti rasvunud, mis t\u00e4hendab, et nende kehamassiindeks (KMI) oli 30 v\u00f5i k\u00f5rgem.<\/p>\n<p>K\u00f5ige rohkem oli rasvunuid Maltal (26,6 protsenti), j\u00e4rgnesid L\u00e4ti (24,6 protsenti), Soome (23,2 protsenti), Iirimaa (22,1 protsenti) ja Eesti (22,0 protsenti).<\/p>\n<p>K\u00f5ige v\u00e4hem rasvunuid oli Itaalias (7,0 protsenti), Kreekas (12,8 protsenti) ja Rumeenias (12,9 protsenti).<\/p>\n<p>Lisaks oli 35,4 protsenti Euroopa riikide elanikkonnast \u00fclekaalulised ehk pre-rasvunud, nende kehamassiindeks j\u00e4i vahemikku 25\u201330 protsenti.<\/p>\n<p>Kokkuv\u00f5ttes oli rohkem kui pool Euroopa elanikkonnast \u00fclekaaluline &#8211; kas rasvunud v\u00f5i pre-rasvunud.<\/p>\n<p>Normaalse kehakaaluga oli Eurostati andmetel 46,4 Euroopa t\u00e4iskasvanutest, sealhulgas 39,8 protsenti meestest ja 52,5 protsenti naistest.<\/p>\n<p>Mehed olid \u00fclekaalulised t\u00f5en\u00e4olisemalt kui naised. Rasvunud meeste m\u00e4\u00e4r oli 17,4 protsenti ja selliseid naisi oli 15,3 protsenti.<\/p>\n<p>Lisaks oli 41,9 protsenti meestest pre-rasvunud, samal ajal kui naistest kuulus sellesse kategooriasse 29,3 protsenti. Seevastu alakaalulisus oli sagedasem naiste seas (2,9 protsenti) kui meeste seas (1,0 protsenti).<\/p>\n<p>Rasvumise m\u00e4\u00e4r arvutatakse kehamassiindeksi (KMI) p\u00f5hjal. KMI saamiseks jagatakse kehakaal kilogrammides pikkuse ruuduga meetrites.<\/p>\n<p>ERR teadusportaal <a href=\"https:\/\/novaator.err.ee\/1610088512\/uuring-ulekaalulisus-laheb-eestile-maksma-ule-120-miljoni-euro-aastas\" target=\"_blank\" rel=\"noopener nofollow\">Novaator kirjutas juulis<\/a> Tervise Arengu Instituudi (TAI) teadlaste uuringule viidates, et m\u00f6\u00f6dunud aasta seisuga olid Eesti t\u00e4iskasvanutest \u00fclekaalulised enam kui 60 protsenti, kellest omakorda 26 protsenti olid rasvunud. Rasvumine ja \u00fclekaalulisus ei ole probleemiks ainult neile inimestele endale, vaid tekitab lisakulu ka \u00fchiskonnale, selgu TAI uuringust.<\/p>\n","protected":false},"excerpt":{"rendered":"Eesti on rasvunud t\u00e4iskasvanute osakaalult Euroopa viies riik, selgub Eurostati 2025. aasta andmetest. Euroopa Liidus oli 2025. aastal&hellip;\n","protected":false},"author":2,"featured_media":268980,"comment_status":"","ping_status":"","sticky":false,"template":"","format":"standard","meta":{"footnotes":"","_share_on_mastodon":"0"},"categories":[5],"tags":[26,27,37,33,35,34,36,3364,31,32,21,28,29,19,25,6602,308,23,24,22,7926,20,30],"class_list":["post-268979","post","type-post","status-publish","format-standard","has-post-thumbnail","category-uldised-uudised","tag-breaking-news","tag-breakingnews","tag-ee","tag-eesti","tag-eesti-keel","tag-estonia","tag-estonian","tag-eurostat","tag-featured-news","tag-featurednews","tag-headlines","tag-latest-news","tag-latestnews","tag-news","tag-populaarseimad-lood","tag-rasvumine","tag-tervis","tag-top-stories","tag-topstories","tag-uldised-uudised","tag-ulekaal","tag-uudised","tag-viimased-uudised"],"share_on_mastodon":{"url":"https:\/\/pubeurope.com\/@ee\/117217465794100248","error":""},"_links":{"self":[{"href":"https:\/\/www.europesays.com\/ee\/wp-json\/wp\/v2\/posts\/268979","targetHints":{"allow":["GET"]}}],"collection":[{"href":"https:\/\/www.europesays.com\/ee\/wp-json\/wp\/v2\/posts"}],"about":[{"href":"https:\/\/www.europesays.com\/ee\/wp-json\/wp\/v2\/types\/post"}],"author":[{"embeddable":true,"href":"https:\/\/www.europesays.com\/ee\/wp-json\/wp\/v2\/users\/2"}],"replies":[{"embeddable":true,"href":"https:\/\/www.europesays.com\/ee\/wp-json\/wp\/v2\/comments?post=268979"}],"version-history":[{"count":0,"href":"https:\/\/www.europesays.com\/ee\/wp-json\/wp\/v2\/posts\/268979\/revisions"}],"wp:featuredmedia":[{"embeddable":true,"href":"https:\/\/www.europesays.com\/ee\/wp-json\/wp\/v2\/media\/268980"}],"wp:attachment":[{"href":"https:\/\/www.europesays.com\/ee\/wp-json\/wp\/v2\/media?parent=268979"}],"wp:term":[{"taxonomy":"category","embeddable":true,"href":"https:\/\/www.europesays.com\/ee\/wp-json\/wp\/v2\/categories?post=268979"},{"taxonomy":"post_tag","embeddable":true,"href":"https:\/\/www.europesays.com\/ee\/wp-json\/wp\/v2\/tags?post=268979"}],"curies":[{"name":"wp","href":"https:\/\/api.w.org\/{rel}","templated":true}]}}