{"id":268981,"date":"2026-09-05T08:28:17","date_gmt":"2026-09-05T08:28:17","guid":{"rendered":"https:\/\/www.europesays.com\/ee\/268981\/"},"modified":"2026-09-05T08:28:17","modified_gmt":"2026-09-05T08:28:17","slug":"analuus-%e2%9f%a9-kas-eesti-korvpalli-kuldse-polvkonna-mangijatel-kipub-lagi-ette-tulema-postimees-sport","status":"publish","type":"post","link":"https:\/\/www.europesays.com\/ee\/268981\/","title":{"rendered":"ANAL\u00dc\u00dcS \u27e9 Kas Eesti korvpalli kuldse p\u00f5lvkonna m\u00e4ngijatel kipub lagi ette tulema? &#8211; Postimees Sport"},"content":{"rendered":"<ol>\n<li><a href=\"https:\/\/news.google.com\/rss\/articles\/CBMiswFBVV95cUxQT2tYMHEwSGdhYVVHNjhwTmlXWDg3Zm5qU1p1RW9VYTdtYUNobDB6c2pVV05JWHlrMEI1NTJ6cWlUaHR3Q0xUa1VHaVYzaFpQcTdmal9vZWl3cTNJbm4yQ0cxc0xSNEtyRjVNV2pwajJDMWR5SmZiWTk0b0xuZTdwRUZNeFhHOHpiRjgwN0hwUzBsZlo0cHIyNk9nNk1OYUw1bzNia0c3SXh4dHN5Y1FjdE5PZw?oc=5\" target=\"_blank\" rel=\"nofollow noopener\">ANAL\u00dc\u00dcS \u27e9 Kas Eesti korvpalli kuldse p\u00f5lvkonna m\u00e4ngijatel kipub lagi ette tulema?<\/a>&nbsp;&nbsp;Postimees Sport<\/li>\n<li><a href=\"https:\/\/news.google.com\/rss\/articles\/CBMi8AFBVV95cUxNaW03VzBLT1VYSU1MbTVZOG5TY1Z2MUMtS2JWam84bEFmOHlxemZaZGJ1dld3VlpQWS1CaFVLZk9neUNIRVo5MmQ0MThfeVdNMmVzNHZIb0FPV1lJcWZDdDVPS0J1cWFUaDJOUVJmUDdkV1VIWWlnZjZWb1Eyc2RvSGdPU3pJS3N1NXIxalF3LUpUX09fc0pvS2VySEY1SUdvc05wMDV4N1FUSjFudGp1REVXQnJkMlVmUVFyZXJVdkJacFRzaXlRVmh1TlhlSmhEYWwxV2tpWGFuSjV1UjR5ZTQ2QUxKVHpTYi15LWlfcUM?oc=5\" target=\"_blank\" rel=\"nofollow noopener\">Korvpalliliidu president aia taha l\u00e4inud koondiseaknast: kui radikaalseid samme astume, saan \u00f6elda p\u00e4rast j\u00e4rgmist juhatust<\/a>&nbsp;&nbsp;\u00d5htuleht<\/li>\n<li><a href=\"https:\/\/news.google.com\/rss\/articles\/CBMilgFBVV95cUxPZXVqQURWWjdyWEl5MmNmZ01tcUE1MWNqNVhSRUMxam85STIzWjhxek4yUFFwUnJCTk5hZVdkNVhzQjRQUE45eTVrand6enZucG1YaGVpNUxUbjV0Z21DeWNTM21lYjAwSFNZYjNWV2M5Rk1IWXJwT3dtajlWM01OZFUyVlBraUxCQTlxcm04XzAyODNhMGc?oc=5\" target=\"_blank\" rel=\"nofollow noopener\">Eesti korvpallikoondis sai kodusaalis Soomelt kindlalt l\u00fc\u00fca<\/a>&nbsp;&nbsp;sport | ERR<\/li>\n<li><a href=\"https:\/\/news.google.com\/rss\/articles\/CBMirwFBVV95cUxPazVqZjZmSGZXTnljUjE3bWlMODZ4bHQzN2FtUWtMMUJOOUJIbDRKclc4MlpsclZxd2dNYXhpaEx5Mmk3Y2JJLWxQeG9tTXJZRDdMUEJqTmJIWXJPYnRlSjdNTk5CX2RGSU5MSFIxQmVWcDNJWWpfcjYxeUx3b1lmaHNnT2pPZTJVOE9rMzZSYnR5aW52N1Yxc3gyNy1saUNCbl9GNW5NT2xYY1lMREY0?oc=5\" target=\"_blank\" rel=\"nofollow noopener\">BLOGI JA GALERII | Teisel poolajal h\u00e4vinud Eesti kaotas Soomele \u00fclisuurelt<\/a>&nbsp;&nbsp;\u00d5htuleht<\/li>\n<li><a href=\"https:\/\/news.google.com\/rss\/articles\/CBMi2wFBVV95cUxQdVVzLXBpYUxhT0NCUGh0RHUyYXUtRVNlbkxkTDRndEw0UHdiYnFqSGdvMThIQnNZbFlWazJXNHBiYzh0LU1tajN5cHNRNGNJMV9ybml1LVhwYk9OM21jSjNkcThFSm1ld3JIczlvWC1GZWVYdnNGN3A2ODhscXBYLVFQcGZXZGhyTXlhMjhnZmEtVlphNTUwWEZaN19nRDdYUUNpbHZwWUJmd1hQQjNxYkZZVXZ4Uk84NFFOQmZtZ3RnU1l2b2JXY2RwRkRPT1dybS0xZ3BtczlMTTA?oc=5\" target=\"_blank\" rel=\"nofollow noopener\">TV3 uudised: Eesti korvpallikoondis sai Soomelt tappa. Kalev Kruus: s\u00fc\u00fcdi ei saa olla ainult m\u00e4ngijad<\/a>&nbsp;&nbsp;tv3.ee<\/li>\n<\/ol>\n","protected":false},"excerpt":{"rendered":"ANAL\u00dc\u00dcS \u27e9 Kas Eesti korvpalli kuldse p\u00f5lvkonna m\u00e4ngijatel kipub lagi ette tulema?&nbsp;&nbsp;Postimees Sport Korvpalliliidu president aia taha l\u00e4inud&hellip;\n","protected":false},"author":2,"featured_media":268982,"comment_status":"","ping_status":"","sticky":false,"template":"","format":"standard","meta":{"footnotes":"","_share_on_mastodon":"0"},"categories":[18],"tags":[858,37,33,35,17554,3119,34,36,1180,41,14599,1248,847,104015,1247,1182,1240,159,158,13206],"class_list":["post-268981","post","type-post","status-publish","format-standard","has-post-thumbnail","category-sport","tag-artur-konontsuk","tag-ee","tag-eesti","tag-eesti-keel","tag-eesti-korvpall","tag-eesti-korvpallikoondis","tag-estonia","tag-estonian","tag-heiko-rannula","tag-henri-drell","tag-henri-veesaar","tag-jukka-toijala","tag-kristian-kullamae","tag-kuldne-polvkond","tag-maik-kalev-kotsar","tag-matthias-tass","tag-sander-raieste","tag-sport","tag-sports","tag-stefan-vaaks"],"share_on_mastodon":{"url":"https:\/\/pubeurope.com\/@ee\/117217493288370739","error":""},"_links":{"self":[{"href":"https:\/\/www.europesays.com\/ee\/wp-json\/wp\/v2\/posts\/268981","targetHints":{"allow":["GET"]}}],"collection":[{"href":"https:\/\/www.europesays.com\/ee\/wp-json\/wp\/v2\/posts"}],"about":[{"href":"https:\/\/www.europesays.com\/ee\/wp-json\/wp\/v2\/types\/post"}],"author":[{"embeddable":true,"href":"https:\/\/www.europesays.com\/ee\/wp-json\/wp\/v2\/users\/2"}],"replies":[{"embeddable":true,"href":"https:\/\/www.europesays.com\/ee\/wp-json\/wp\/v2\/comments?post=268981"}],"version-history":[{"count":0,"href":"https:\/\/www.europesays.com\/ee\/wp-json\/wp\/v2\/posts\/268981\/revisions"}],"wp:featuredmedia":[{"embeddable":true,"href":"https:\/\/www.europesays.com\/ee\/wp-json\/wp\/v2\/media\/268982"}],"wp:attachment":[{"href":"https:\/\/www.europesays.com\/ee\/wp-json\/wp\/v2\/media?parent=268981"}],"wp:term":[{"taxonomy":"category","embeddable":true,"href":"https:\/\/www.europesays.com\/ee\/wp-json\/wp\/v2\/categories?post=268981"},{"taxonomy":"post_tag","embeddable":true,"href":"https:\/\/www.europesays.com\/ee\/wp-json\/wp\/v2\/tags?post=268981"}],"curies":[{"name":"wp","href":"https:\/\/api.w.org\/{rel}","templated":true}]}}