{"id":268983,"date":"2026-09-05T08:32:20","date_gmt":"2026-09-05T08:32:20","guid":{"rendered":"https:\/\/www.europesays.com\/ee\/268983\/"},"modified":"2026-09-05T08:32:20","modified_gmt":"2026-09-05T08:32:20","slug":"galerii-kassari-klassika-juubelihooaeg-sai-kauni-finaali","status":"publish","type":"post","link":"https:\/\/www.europesays.com\/ee\/268983\/","title":{"rendered":"GALERII | Kassari Klassika juubelihooaeg sai kauni finaali"},"content":{"rendered":"<p data-hl=\"\">Interpreedid Mari Tampere-Bezrodny, Peeter Paemurru, Piia Paemurru ja Adrian Paemurru t\u00f5id kuulajateni hinge paitavaid klassikalise muusika p\u00e4rleid P\u00e4rdilt, Bachilt, Schubertilt, Brahmsilt, Sibeliuselt ja teistelt heliloojatelt. Kuulda sai ka Ester M\u00e4gi teost \u201cKassari kadakad\u201d ning Adrian Paemurru k\u00e4e all k\u00f5lasid ka lummavad harpejji helid.<\/p>\n","protected":false},"excerpt":{"rendered":"Interpreedid Mari Tampere-Bezrodny, Peeter Paemurru, Piia Paemurru ja Adrian Paemurru t\u00f5id kuulajateni hinge paitavaid klassikalise muusika p\u00e4rleid P\u00e4rdilt,&hellip;\n","protected":false},"author":2,"featured_media":268984,"comment_status":"","ping_status":"","sticky":false,"template":"","format":"standard","meta":{"footnotes":"","_share_on_mastodon":"0"},"categories":[5],"tags":[26,27,37,33,35,34,36,31,32,21,28,29,19,25,23,24,22,20,3194,30],"class_list":["post-268983","post","type-post","status-publish","format-standard","has-post-thumbnail","category-uldised-uudised","tag-breaking-news","tag-breakingnews","tag-ee","tag-eesti","tag-eesti-keel","tag-estonia","tag-estonian","tag-featured-news","tag-featurednews","tag-headlines","tag-latest-news","tag-latestnews","tag-news","tag-populaarseimad-lood","tag-top-stories","tag-topstories","tag-uldised-uudised","tag-uudised","tag-valjatoste","tag-viimased-uudised"],"share_on_mastodon":{"url":"https:\/\/pubeurope.com\/@ee\/117217509136789590","error":""},"_links":{"self":[{"href":"https:\/\/www.europesays.com\/ee\/wp-json\/wp\/v2\/posts\/268983","targetHints":{"allow":["GET"]}}],"collection":[{"href":"https:\/\/www.europesays.com\/ee\/wp-json\/wp\/v2\/posts"}],"about":[{"href":"https:\/\/www.europesays.com\/ee\/wp-json\/wp\/v2\/types\/post"}],"author":[{"embeddable":true,"href":"https:\/\/www.europesays.com\/ee\/wp-json\/wp\/v2\/users\/2"}],"replies":[{"embeddable":true,"href":"https:\/\/www.europesays.com\/ee\/wp-json\/wp\/v2\/comments?post=268983"}],"version-history":[{"count":0,"href":"https:\/\/www.europesays.com\/ee\/wp-json\/wp\/v2\/posts\/268983\/revisions"}],"wp:featuredmedia":[{"embeddable":true,"href":"https:\/\/www.europesays.com\/ee\/wp-json\/wp\/v2\/media\/268984"}],"wp:attachment":[{"href":"https:\/\/www.europesays.com\/ee\/wp-json\/wp\/v2\/media?parent=268983"}],"wp:term":[{"taxonomy":"category","embeddable":true,"href":"https:\/\/www.europesays.com\/ee\/wp-json\/wp\/v2\/categories?post=268983"},{"taxonomy":"post_tag","embeddable":true,"href":"https:\/\/www.europesays.com\/ee\/wp-json\/wp\/v2\/tags?post=268983"}],"curies":[{"name":"wp","href":"https:\/\/api.w.org\/{rel}","templated":true}]}}