{"id":268987,"date":"2026-09-05T08:43:24","date_gmt":"2026-09-05T08:43:24","guid":{"rendered":"https:\/\/www.europesays.com\/ee\/268987\/"},"modified":"2026-09-05T08:43:24","modified_gmt":"2026-09-05T08:43:24","slug":"aafrika-riigid-nouavad-uros-uut-maailmakaarti-mis-naitaks-mandri-tegelikku-suurust-maailm-postimees-ee","status":"publish","type":"post","link":"https:\/\/www.europesays.com\/ee\/268987\/","title":{"rendered":"Aafrika riigid n\u00f5uavad \u00dcROs uut maailmakaarti, mis n\u00e4itaks mandri tegelikku suurust &#8211; Maailm &#8211; Postimees.ee"},"content":{"rendered":"<ol>\n<li><a href=\"https:\/\/news.google.com\/rss\/articles\/CBMiugFBVV95cUxPeks3dHZHMkx3QmJBQ0FoWW1PU3pRcGRSVzItdElUellQd19SdDIzVnFGZVFoLWtLWXBZS2xoNEkyVENWbFEzX2p2YUlTNTc2Z19iZTBvc0VPNl9Idll5MHN2M05HdVRWT1kyWm9ES3VCTklVSml2N09YN0tPMzlzcEFYT2JsUmN6ZXFmWlFZREx3Y1BUend2MS1Uc0FlYXdTcTR5X0t3blJJNVluQnNOQ3VvMUdJN05zQkE?oc=5\" target=\"_blank\" rel=\"nofollow noopener\">Aafrika riigid n\u00f5uavad \u00dcROs uut maailmakaarti, mis n\u00e4itaks mandri tegelikku suurust<\/a>&nbsp;&nbsp;Maailm &#8211; Postimees.ee<\/li>\n<li><a href=\"https:\/\/news.google.com\/rss\/articles\/CBMipAFBVV95cUxQdHR3eHVnZUlYOHpVdDczRkd2WVdHbWpFTzZ2ZWhKVk9OSlBJam01MjRfdm9OMmlJQ2QxckFZekFZZHRfWkFtdk5pRWJBbjNNUDdQUHUtZF9ZclJvQ3lKVnh6TnAzNnktZ3ZkRWVOWVoxSlVoWUNZY1RjLVJmVzJxeGE5WjVTWEo4Nk1xcklmTnhUbWhLVlcwbXRiTXU1X0FkTGI1ag?oc=5\" target=\"_blank\" rel=\"nofollow noopener\">\u00dcRO riigid andsid heakskiidu senisest t\u00e4psema maailmakaardi kasutamisele<\/a>&nbsp;&nbsp;ERR<\/li>\n<li><a href=\"https:\/\/news.google.com\/rss\/articles\/CBMiugFBVV95cUxPaHk2blU4dnNPWVVwSDNqR2d3RmhPWEpOVkNJekw3SWprcEtza3YzYjNPdERVTWdMdEd2NkJNYV84ODVvQW1oZWxNZVRYMV85cEVFbFRWN0dpaHhoQlk3Z0duTDNyT3BJdUI3ZGZSa0ZZT1EwWGNHV3UwY21rM0k4RmM2VXR3ZmJ6bUlPRTUya05USTJrOUkwZXdXMFNNdzVPM3N1NjVNNGNPLUtqdm90ZGlzbVhqaHdWU0E?oc=5\" target=\"_blank\" rel=\"nofollow noopener\">\u00dcRO pooldas Aafrika tegelikku suurust peegeldava maailmakaardi kasutuselev\u00f5ttu<\/a>&nbsp;&nbsp;Delfi<\/li>\n<li><a href=\"https:\/\/news.google.com\/rss\/articles\/CBMiwwFBVV95cUxQUHhxRDByOXJOVGt2VDZ1LXpBTlVuckx0ck1ZNzFpTk5FZnhwd3F5eXpzSlM1ek5pcEpCWXA3bEhOT3hoMzZJTXFvY1NFREdLc0xnOE1vT0JZRk5ab2Z4R0NYclBsdU40aXNUQkdZbXlxOVNqZEVFUUNaWWZZZWZDY1NVYWd2OFdWZURWMzlpeGk0eVFXVXB1QWFLSXRwZHR6Nl93RGNmZU5MV3RtZUVRY2ozTWNjLVllMTJUZkFyRFZ5VTg?oc=5\" target=\"_blank\" rel=\"nofollow noopener\">\u00dcRO kiitis heaks uue maailmakaardi: Aafrika manner on suurem, P\u00f5hja-Ameerika ja Euraasia v\u00e4iksem<\/a>&nbsp;&nbsp;Telegram | L\u00e4bipaistev meedia<\/li>\n<\/ol>\n","protected":false},"excerpt":{"rendered":"Aafrika riigid n\u00f5uavad \u00dcROs uut maailmakaarti, mis n\u00e4itaks mandri tegelikku suurust&nbsp;&nbsp;Maailm &#8211; Postimees.ee \u00dcRO riigid andsid heakskiidu senisest&hellip;\n","protected":false},"author":2,"featured_media":268988,"comment_status":"","ping_status":"","sticky":false,"template":"","format":"standard","meta":{"footnotes":"","_share_on_mastodon":"0"},"categories":[5],"tags":[1114,26,27,37,33,35,34,36,31,32,21,28,29,104018,19,25,13217,23,24,22,2582,20,30],"class_list":["post-268987","post","type-post","status-publish","format-standard","has-post-thumbnail","category-uldised-uudised","tag-aafrika","tag-breaking-news","tag-breakingnews","tag-ee","tag-eesti","tag-eesti-keel","tag-estonia","tag-estonian","tag-featured-news","tag-featurednews","tag-headlines","tag-latest-news","tag-latestnews","tag-maailmakaart","tag-news","tag-populaarseimad-lood","tag-togo","tag-top-stories","tag-topstories","tag-uldised-uudised","tag-uro-peaassamblee","tag-uudised","tag-viimased-uudised"],"share_on_mastodon":{"url":"https:\/\/pubeurope.com\/@ee\/117217552323905968","error":""},"_links":{"self":[{"href":"https:\/\/www.europesays.com\/ee\/wp-json\/wp\/v2\/posts\/268987","targetHints":{"allow":["GET"]}}],"collection":[{"href":"https:\/\/www.europesays.com\/ee\/wp-json\/wp\/v2\/posts"}],"about":[{"href":"https:\/\/www.europesays.com\/ee\/wp-json\/wp\/v2\/types\/post"}],"author":[{"embeddable":true,"href":"https:\/\/www.europesays.com\/ee\/wp-json\/wp\/v2\/users\/2"}],"replies":[{"embeddable":true,"href":"https:\/\/www.europesays.com\/ee\/wp-json\/wp\/v2\/comments?post=268987"}],"version-history":[{"count":0,"href":"https:\/\/www.europesays.com\/ee\/wp-json\/wp\/v2\/posts\/268987\/revisions"}],"wp:featuredmedia":[{"embeddable":true,"href":"https:\/\/www.europesays.com\/ee\/wp-json\/wp\/v2\/media\/268988"}],"wp:attachment":[{"href":"https:\/\/www.europesays.com\/ee\/wp-json\/wp\/v2\/media?parent=268987"}],"wp:term":[{"taxonomy":"category","embeddable":true,"href":"https:\/\/www.europesays.com\/ee\/wp-json\/wp\/v2\/categories?post=268987"},{"taxonomy":"post_tag","embeddable":true,"href":"https:\/\/www.europesays.com\/ee\/wp-json\/wp\/v2\/tags?post=268987"}],"curies":[{"name":"wp","href":"https:\/\/api.w.org\/{rel}","templated":true}]}}