{"id":268995,"date":"2026-09-05T09:00:07","date_gmt":"2026-09-05T09:00:07","guid":{"rendered":"https:\/\/www.europesays.com\/ee\/268995\/"},"modified":"2026-09-05T09:00:07","modified_gmt":"2026-09-05T09:00:07","slug":"varem-raske-lahkumineku-ule-elanud-maribel-vaana-olen-esimest-korda-elus-rahul-uksi-olemisega","status":"publish","type":"post","link":"https:\/\/www.europesays.com\/ee\/268995\/","title":{"rendered":"Varem raske lahkumineku \u00fcle elanud Maribel V\u00e4\u00e4na: olen esimest korda elus rahul \u00fcksi olemisega"},"content":{"rendered":"<p>\u201eTavaliselt \u00f6eldakse, et kui hakkad iseendale keskenduma, siis on ka armastus nurga taga,\u201c \u00fctles ta muiates.<\/p>\n<p>Ta t\u00f5des, et on esimest korda elus rahul \u00fcksi olemisega. \u201eUnistan muidugi siiani kodust, perest ja \u00f5nnelikust paarisuhtest, aga naudin praegust seisu.\u201c<\/p>\n<p>Maribel muljetas, et tahab keskenduda sellele, et olla parem nii muusiku, t\u00f6\u00f6taja kui ka inimesena. <\/p>\n<p>Omal ajal oli Maribel kolm aastat koos jalgpallur Karl Johan Kasteiniga. Kroonika kirjutas juba 2025. aasta jaanuaris, et Maribeli ja Karl Johani suhtes k\u00e4\u00e4rib. Maribel kinnitas lahkuminekut sama aasta septembris. <\/p>\n<p>\u201eEnamuse ajast oli meie suhe roosamanna. \u00dcks asi on see, et h\u00fcppasin suhtesse, kui olin 18. Olin ju tegelikult t\u00e4itsa laps! Samas oleme perega ka sellest r\u00e4\u00e4kinud, kui naljakalt see k\u00f5ik k\u00f5las, kui r\u00e4\u00e4kisin, et hakkame juba peret looma, v\u00f5tame korteri ja abiellume. Mul t\u00f5esti oli selline tunne ja ma t\u00f5esti arvasin seda ja ma t\u00f5esti s\u00fcdamest armastasin seda inimest,\u201c avaldas Maribel sel suvel Kroonikale.<\/p>\n<p>Nende lahkumineku p\u00f5hjus peitus selles, et nad n\u00e4gid \u00fchist elu erinevalt. \u201eMe n\u00e4gime oma suhet erinevalt. Meie prioriteedid olid erinevad. Meil oli v\u00e4ga palju erinevusi selles, kuidas meie suhe peaks toimima. Ja \u00fcks asi, mida elu mulle \u00f5petanud on, ongi see, et kui sa ei ole enam suhtes \u00f5nnelik, siis k\u00fcsi endalt, miks sa oled seal?\u201c m\u00f5tiskles Maribel, kes v\u00f5ttis vastu otsuse ja tegi suhtele l\u00f5pu.<\/p>\n<p>Ta t\u00f5des, et alati \u00f6eldakse, et armastus elab kolm aastat, et kas sealt siis l\u00e4heb edasi veel kirevemaks v\u00f5i siis l\u00f5ppeb asi \u00e4ra. \u201eMeil kahjuks l\u00f5ppes asi \u00e4ra.\u201c<\/p>\n<p><a href=\"http:\/\/kroonika.delfi.ee\/artikkel\/120593373\/maribel-vaana-avameelselt-lahkuminekust-nagime-oma-suhet-erinevalt#dalrel-in-article\" class=\"content-embedded-articles-single__embedded-article\" data-v-6f4d311d=\"\" rel=\"nofollow noopener\" target=\"_blank\"><\/p>\n<p>28.06.2026<\/p>\n<p>Maribel V\u00e4\u00e4na avameelselt lahkuminekust: n\u00e4gime oma suhet erinevalt(87)<\/p>\n<p><\/a>Kuidas see lugu Sind end tundma pani?Saada<a href=\"https:\/\/kroonika.delfi.ee\/artikkel\/120608558\/varem-raske-lahkumineku-ule-elanud-maribel-vaana-olen-esimest-korda-elus-rahul-uksi-olemisega\/kommentaarid\" class=\"button button--primary button--size-auto article-body-bottom__comment article-body-bottom__comment--write\" style=\"\" rel=\"nofollow noopener\" target=\"_blank\">Kommenteeri<\/a><a href=\"https:\/\/kroonika.delfi.ee\/artikkel\/120608558\/varem-raske-lahkumineku-ule-elanud-maribel-vaana-olen-esimest-korda-elus-rahul-uksi-olemisega\/kommentaarid\" class=\"button button--size-auto article-body-bottom__comment article-body-bottom__comment--read\" style=\"\" rel=\"nofollow noopener\" target=\"_blank\">Loe kommentaare (3)<\/a><\/p>\n","protected":false},"excerpt":{"rendered":"\u201eTavaliselt \u00f6eldakse, et kui hakkad iseendale keskenduma, siis on ka armastus nurga taga,\u201c \u00fctles ta muiates. Ta t\u00f5des,&hellip;\n","protected":false},"author":2,"featured_media":268996,"comment_status":"","ping_status":"","sticky":false,"template":"","format":"standard","meta":{"footnotes":"","_share_on_mastodon":"0"},"categories":[16],"tags":[37,33,35,173,34,36,1617,140],"class_list":["post-268995","post","type-post","status-publish","format-standard","has-post-thumbnail","category-meelelahutus","tag-ee","tag-eesti","tag-eesti-keel","tag-entertainment","tag-estonia","tag-estonian","tag-maribel-vaana","tag-meelelahutus"],"share_on_mastodon":{"url":"https:\/\/pubeurope.com\/@ee\/117217619391344470","error":""},"_links":{"self":[{"href":"https:\/\/www.europesays.com\/ee\/wp-json\/wp\/v2\/posts\/268995","targetHints":{"allow":["GET"]}}],"collection":[{"href":"https:\/\/www.europesays.com\/ee\/wp-json\/wp\/v2\/posts"}],"about":[{"href":"https:\/\/www.europesays.com\/ee\/wp-json\/wp\/v2\/types\/post"}],"author":[{"embeddable":true,"href":"https:\/\/www.europesays.com\/ee\/wp-json\/wp\/v2\/users\/2"}],"replies":[{"embeddable":true,"href":"https:\/\/www.europesays.com\/ee\/wp-json\/wp\/v2\/comments?post=268995"}],"version-history":[{"count":0,"href":"https:\/\/www.europesays.com\/ee\/wp-json\/wp\/v2\/posts\/268995\/revisions"}],"wp:featuredmedia":[{"embeddable":true,"href":"https:\/\/www.europesays.com\/ee\/wp-json\/wp\/v2\/media\/268996"}],"wp:attachment":[{"href":"https:\/\/www.europesays.com\/ee\/wp-json\/wp\/v2\/media?parent=268995"}],"wp:term":[{"taxonomy":"category","embeddable":true,"href":"https:\/\/www.europesays.com\/ee\/wp-json\/wp\/v2\/categories?post=268995"},{"taxonomy":"post_tag","embeddable":true,"href":"https:\/\/www.europesays.com\/ee\/wp-json\/wp\/v2\/tags?post=268995"}],"curies":[{"name":"wp","href":"https:\/\/api.w.org\/{rel}","templated":true}]}}