{"id":268997,"date":"2026-09-05T09:01:07","date_gmt":"2026-09-05T09:01:07","guid":{"rendered":"https:\/\/www.europesays.com\/ee\/268997\/"},"modified":"2026-09-05T09:01:07","modified_gmt":"2026-09-05T09:01:07","slug":"see-lohn-on-nii-tugev-sabalenka-katkestas-us-openil-mangu-kanepilohna-tottu","status":"publish","type":"post","link":"https:\/\/www.europesays.com\/ee\/268997\/","title":{"rendered":"\u201eSee l\u00f5hn on nii tugev.\u201c Sabalenka katkestas US Openil m\u00e4ngu kanepil\u00f5hna t\u00f5ttu"},"content":{"rendered":"<p>Maailma esireket Sabalenka t\u00f5statas probleemi p\u00e4rast seda, kui oli Usbekistani m\u00e4ngija Rakhimova vastu avasetis 3:0 juhtima l\u00e4inud. Ta \u00fctles kohtunikule, et keegi suitsetab kanepit ja palus tal sekkuda.<\/p>\n<p>Kohtunik r\u00e4\u00e4kis raadiosaatja teel ametnikuga ning tegi seej\u00e4rel enda selja taga olevale inimesele suitsetamist imiteeriva liigutuse. Seej\u00e4rel m\u00e4ng j\u00e4tkus. Kahekordne <a rel=\"noopener nofollow\" target=\"_blank\" href=\"https:\/\/www.delfi.ee\/teema\/56497922\/us-open\" tag-id=\"56497922\">US Openi<\/a> v\u00f5itja Sabalenka v\u00f5itis l\u00f5puks kohtumise kindlalt 6:3, 6:4 ning j\u00e4tkab v\u00f5itlust karj\u00e4\u00e4ri viienda suure sl\u00e4mmi tiitli nimel.<\/p>\n<p>Sabalenka \u00fctles p\u00e4rast kohtumist, et ta ei tea, kust kanepil\u00f5hn t\u00e4pselt tuli, kuid palus f\u00e4nnidel sellele rohkem t\u00e4helepanu p\u00f6\u00f6rata. V\u00f5istluse toimumispaiga ehk Flushing Meadowsi territooriumil on suitsetamine keelatud, kuid kanepil\u00f5hn j\u00f5uab aeg-ajalt v\u00e4ljakutele l\u00e4hedal asuvast Corona Parkist. New Yorgis on kanepi suitsetamine lubatud alates 21. eluaastast. <\/p>\n<p>\u201eSeda l\u00f5hna on \u00fcsna keeruline taluda, kui \u00fcritad anda endast v\u00e4ljakul parima. Ma ei tea, kas see tuli publiku seast v\u00f5i v\u00e4ljastpoolt, sest tuul kannab l\u00f5hna staadionile,\u201c lisas Sabalenka.<\/p>\n<p>Sabalenka ei ole USA lahtistel esimene m\u00e4ngija, kes kanepil\u00f5hna \u00fcle kurtnud on. Varasematel aastatel on sama probleemi esile t\u00f5stnud teiste seas Novak Djokovic ja Alexander Zverev.<\/p>\n<p>Neljandas ringis ehk 16 parema seas kohtub Sabalenka ameeriklanna Taylor Townsendiga. Ameeriklanna alistas 15. asetusega Diana Shnaideri 6:2, 6:7 (3:7), 6:3. Nende v\u00f5itja kohtub veerandfinaalis kas 11. asetusega Marta Kostyki v\u00f5i kuuenda asetusega Linda Noskovaga.<\/p>\n<p>Kuidas see lugu Sind end tundma pani?Saada<a href=\"https:\/\/sport.delfi.ee\/artikkel\/120608571\/see-lohn-on-nii-tugev-sabalenka-katkestas-us-openil-mangu-kanepilohna-tottu\/kommentaarid\" class=\"button button--primary button--size-auto article-body-bottom__comment article-body-bottom__comment--write\" style=\"\" rel=\"nofollow noopener\" target=\"_blank\">Kommenteeri<\/a><a href=\"https:\/\/sport.delfi.ee\/artikkel\/120608571\/see-lohn-on-nii-tugev-sabalenka-katkestas-us-openil-mangu-kanepilohna-tottu\/kommentaarid\" class=\"button button--size-auto article-body-bottom__comment article-body-bottom__comment--read\" style=\"\" rel=\"nofollow noopener\" target=\"_blank\">Loe kommentaare (1)<\/a><\/p>\n","protected":false},"excerpt":{"rendered":"Maailma esireket Sabalenka t\u00f5statas probleemi p\u00e4rast seda, kui oli Usbekistani m\u00e4ngija Rakhimova vastu avasetis 3:0 juhtima l\u00e4inud. Ta&hellip;\n","protected":false},"author":2,"featured_media":268998,"comment_status":"","ping_status":"","sticky":false,"template":"","format":"standard","meta":{"footnotes":"","_share_on_mastodon":"0"},"categories":[18],"tags":[10265,37,33,35,34,36,159,158,6779],"class_list":["post-268997","post","type-post","status-publish","format-standard","has-post-thumbnail","category-sport","tag-arina-sabalenka","tag-ee","tag-eesti","tag-eesti-keel","tag-estonia","tag-estonian","tag-sport","tag-sports","tag-us-open"],"share_on_mastodon":{"url":"https:\/\/pubeurope.com\/@ee\/117217622936779551","error":""},"_links":{"self":[{"href":"https:\/\/www.europesays.com\/ee\/wp-json\/wp\/v2\/posts\/268997","targetHints":{"allow":["GET"]}}],"collection":[{"href":"https:\/\/www.europesays.com\/ee\/wp-json\/wp\/v2\/posts"}],"about":[{"href":"https:\/\/www.europesays.com\/ee\/wp-json\/wp\/v2\/types\/post"}],"author":[{"embeddable":true,"href":"https:\/\/www.europesays.com\/ee\/wp-json\/wp\/v2\/users\/2"}],"replies":[{"embeddable":true,"href":"https:\/\/www.europesays.com\/ee\/wp-json\/wp\/v2\/comments?post=268997"}],"version-history":[{"count":0,"href":"https:\/\/www.europesays.com\/ee\/wp-json\/wp\/v2\/posts\/268997\/revisions"}],"wp:featuredmedia":[{"embeddable":true,"href":"https:\/\/www.europesays.com\/ee\/wp-json\/wp\/v2\/media\/268998"}],"wp:attachment":[{"href":"https:\/\/www.europesays.com\/ee\/wp-json\/wp\/v2\/media?parent=268997"}],"wp:term":[{"taxonomy":"category","embeddable":true,"href":"https:\/\/www.europesays.com\/ee\/wp-json\/wp\/v2\/categories?post=268997"},{"taxonomy":"post_tag","embeddable":true,"href":"https:\/\/www.europesays.com\/ee\/wp-json\/wp\/v2\/tags?post=268997"}],"curies":[{"name":"wp","href":"https:\/\/api.w.org\/{rel}","templated":true}]}}