{"id":268999,"date":"2026-09-05T09:05:13","date_gmt":"2026-09-05T09:05:13","guid":{"rendered":"https:\/\/www.europesays.com\/ee\/268999\/"},"modified":"2026-09-05T09:05:13","modified_gmt":"2026-09-05T09:05:13","slug":"miks-on-eesti-korvpallis-nii-vahe-haid-pallikasitlejaid-2","status":"publish","type":"post","link":"https:\/\/www.europesays.com\/ee\/268999\/","title":{"rendered":"Miks on Eesti korvpallis nii v\u00e4he h\u00e4id pallik\u00e4sitlejaid?"},"content":{"rendered":"<p>Eesti koondis kaotas eelmise n\u00e4dala valikm\u00e4ngudes v\u00f5\u00f5rsil Ungarile 19 ja kodus Soomele 29 punktiga. Korvpallikommuunid ja -saated t\u00e4itusid seepeale jutuga, et Eesti korvpalli suurim mure on pallik\u00e4sitlejate v\u00e4hesus. Meil on puudu m\u00e4ngijatest, kes suudaksid pinge all palli \u00fcle tuua v\u00f5i \u00fcks \u00fchele teravust luua.<\/p>\n<p>\u201eSekundeerin Janar Soo m\u00f5ttele \u201eAktuaalse kaamera\u201c spordisaates, et praeguse rahvuskoondise paljud m\u00e4ngijad on varakult liikunud v\u00e4lismaale ja saanud seal kindla rolli. Me ei saa eeldada, et Sander Raieste hakkab l\u00e4bi murdma, kui ta pole seda aastaid teinud,\u201c \u00fctles kevadel Rapla peatreenerina HellermannTyton U16 vanuseklassis pronksi v\u00f5itnud ja U16 koondise abitreenerina A-divisjoni t\u00f5usnud <a rel=\"noopener nofollow\" target=\"_blank\" href=\"https:\/\/www.delfi.ee\/teema\/96945437\/kustas-poldoja\" data-rel-date-range=\"[]\">Kustas P\u00f5ldoja<\/a>.<\/p>\n<p><a href=\"https:\/\/sport.delfi.ee\/a\/120607536\/kommentaarid\" class=\"button button--primary button--size-auto article-body-bottom__comment article-body-bottom__comment--write\" style=\"\" rel=\"nofollow noopener\" target=\"_blank\">Kommenteeri<\/a><a href=\"https:\/\/sport.delfi.ee\/a\/120607536\/kommentaarid\" class=\"button button--size-auto article-body-bottom__comment article-body-bottom__comment--read\" style=\"\" rel=\"nofollow noopener\" target=\"_blank\">Loe kommentaare (60)<\/a><\/p>\n","protected":false},"excerpt":{"rendered":"Eesti koondis kaotas eelmise n\u00e4dala valikm\u00e4ngudes v\u00f5\u00f5rsil Ungarile 19 ja kodus Soomele 29 punktiga. Korvpallikommuunid ja -saated t\u00e4itusid&hellip;\n","protected":false},"author":2,"featured_media":269000,"comment_status":"","ping_status":"","sticky":false,"template":"","format":"standard","meta":{"footnotes":"","_share_on_mastodon":"0"},"categories":[5],"tags":[26,27,37,33,35,34,36,31,32,21,103966,103965,4406,28,29,19,25,23,24,22,20,30],"class_list":["post-268999","post","type-post","status-publish","format-standard","has-post-thumbnail","category-uldised-uudised","tag-breaking-news","tag-breakingnews","tag-ee","tag-eesti","tag-eesti-keel","tag-estonia","tag-estonian","tag-featured-news","tag-featurednews","tag-headlines","tag-joosep-indermitte","tag-kaarel-traumann","tag-kustas-poldoja","tag-latest-news","tag-latestnews","tag-news","tag-populaarseimad-lood","tag-top-stories","tag-topstories","tag-uldised-uudised","tag-uudised","tag-viimased-uudised"],"share_on_mastodon":{"url":"https:\/\/pubeurope.com\/@ee\/117217638585037512","error":""},"_links":{"self":[{"href":"https:\/\/www.europesays.com\/ee\/wp-json\/wp\/v2\/posts\/268999","targetHints":{"allow":["GET"]}}],"collection":[{"href":"https:\/\/www.europesays.com\/ee\/wp-json\/wp\/v2\/posts"}],"about":[{"href":"https:\/\/www.europesays.com\/ee\/wp-json\/wp\/v2\/types\/post"}],"author":[{"embeddable":true,"href":"https:\/\/www.europesays.com\/ee\/wp-json\/wp\/v2\/users\/2"}],"replies":[{"embeddable":true,"href":"https:\/\/www.europesays.com\/ee\/wp-json\/wp\/v2\/comments?post=268999"}],"version-history":[{"count":0,"href":"https:\/\/www.europesays.com\/ee\/wp-json\/wp\/v2\/posts\/268999\/revisions"}],"wp:featuredmedia":[{"embeddable":true,"href":"https:\/\/www.europesays.com\/ee\/wp-json\/wp\/v2\/media\/269000"}],"wp:attachment":[{"href":"https:\/\/www.europesays.com\/ee\/wp-json\/wp\/v2\/media?parent=268999"}],"wp:term":[{"taxonomy":"category","embeddable":true,"href":"https:\/\/www.europesays.com\/ee\/wp-json\/wp\/v2\/categories?post=268999"},{"taxonomy":"post_tag","embeddable":true,"href":"https:\/\/www.europesays.com\/ee\/wp-json\/wp\/v2\/tags?post=268999"}],"curies":[{"name":"wp","href":"https:\/\/api.w.org\/{rel}","templated":true}]}}