{"id":269003,"date":"2026-09-05T09:12:18","date_gmt":"2026-09-05T09:12:18","guid":{"rendered":"https:\/\/www.europesays.com\/ee\/269003\/"},"modified":"2026-09-05T09:12:18","modified_gmt":"2026-09-05T09:12:18","slug":"15-pitsat-ja-kaks-nadalat-diivanil-magamist-bigbank-kalev-saatis-esimese-leegionari-juba-koju-3","status":"publish","type":"post","link":"https:\/\/www.europesays.com\/ee\/269003\/","title":{"rendered":"15 pitsat ja kaks n\u00e4dalat diivanil magamist: Bigbank\/Kalev saatis esimese leegion\u00e4ri juba koju"},"content":{"rendered":"<p>\n                Rasmus Voolaid, 5. september 2026\n            <\/p>\n<p>Bigbank\/Kalev pidi enne hooaja algust tegema koosseisus vangerduse, kui ameeriklase Kasen Harrisoni asemel toodi meeskonda 25aastane m\u00e4ngujuht Jacob Falko. Klubi m\u00e4ned\u017eer ja abitreener Tanel Kurbas r\u00e4\u00e4kis \u00d5htulehe taskuh\u00e4\u00e4lingus \u201eViies veerandaeg\u201c, et l\u00fchikese ajaga suutis Harrison endast maha j\u00e4tta kustumatu mulje. Paraku \u00fcsna halvas m\u00f5ttes.<\/p>\n<p data-block-id=\"gdMXeeZs\">T\u00e4ispikk Kurbase \u201eViienda veerandaja\u201c episood ilmub \u00d5htulehe kanalites laup\u00e4eval.<\/p>\n<p data-block-id=\"_g7AkJap\">Kurbas avaldas, et esimene punane lipp kerkis esile juba enne Harrisoni Eestisse j\u00f5udmist, kui ta suutis lennukist maha j\u00e4\u00e4da. Seej\u00e4rel avastati tal arstlikus \u00fclevaatuses v\u00e4ike s\u00fcdamemure.<\/p>\n","protected":false},"excerpt":{"rendered":"Rasmus Voolaid, 5. september 2026 Bigbank\/Kalev pidi enne hooaja algust tegema koosseisus vangerduse, kui ameeriklase Kasen Harrisoni asemel&hellip;\n","protected":false},"author":2,"featured_media":269004,"comment_status":"","ping_status":"","sticky":false,"template":"","format":"standard","meta":{"footnotes":"","_share_on_mastodon":"0"},"categories":[18],"tags":[464,37,33,35,34,36,159,158],"class_list":["post-269003","post","type-post","status-publish","format-standard","has-post-thumbnail","category-sport","tag-digileht-ohtuleht-ee","tag-ee","tag-eesti","tag-eesti-keel","tag-estonia","tag-estonian","tag-sport","tag-sports"],"share_on_mastodon":{"url":"https:\/\/pubeurope.com\/@ee\/117217666237674008","error":""},"_links":{"self":[{"href":"https:\/\/www.europesays.com\/ee\/wp-json\/wp\/v2\/posts\/269003","targetHints":{"allow":["GET"]}}],"collection":[{"href":"https:\/\/www.europesays.com\/ee\/wp-json\/wp\/v2\/posts"}],"about":[{"href":"https:\/\/www.europesays.com\/ee\/wp-json\/wp\/v2\/types\/post"}],"author":[{"embeddable":true,"href":"https:\/\/www.europesays.com\/ee\/wp-json\/wp\/v2\/users\/2"}],"replies":[{"embeddable":true,"href":"https:\/\/www.europesays.com\/ee\/wp-json\/wp\/v2\/comments?post=269003"}],"version-history":[{"count":0,"href":"https:\/\/www.europesays.com\/ee\/wp-json\/wp\/v2\/posts\/269003\/revisions"}],"wp:featuredmedia":[{"embeddable":true,"href":"https:\/\/www.europesays.com\/ee\/wp-json\/wp\/v2\/media\/269004"}],"wp:attachment":[{"href":"https:\/\/www.europesays.com\/ee\/wp-json\/wp\/v2\/media?parent=269003"}],"wp:term":[{"taxonomy":"category","embeddable":true,"href":"https:\/\/www.europesays.com\/ee\/wp-json\/wp\/v2\/categories?post=269003"},{"taxonomy":"post_tag","embeddable":true,"href":"https:\/\/www.europesays.com\/ee\/wp-json\/wp\/v2\/tags?post=269003"}],"curies":[{"name":"wp","href":"https:\/\/api.w.org\/{rel}","templated":true}]}}