{"id":269007,"date":"2026-09-05T09:16:28","date_gmt":"2026-09-05T09:16:28","guid":{"rendered":"https:\/\/www.europesays.com\/ee\/269007\/"},"modified":"2026-09-05T09:16:28","modified_gmt":"2026-09-05T09:16:28","slug":"euroopa-liit-arutab-valisteenistuse-refromi-err","status":"publish","type":"post","link":"https:\/\/www.europesays.com\/ee\/269007\/","title":{"rendered":"Euroopa Liit arutab v\u00e4listeenistuse refromi &#8211; ERR"},"content":{"rendered":"<ol>\n<li><a href=\"https:\/\/news.google.com\/rss\/articles\/CBMifkFVX3lxTFBsWFB5TjdqYjBNZjBmSC1OSE9FWjl3bVJEYm5nTWs3TndYRUJHc2lxaVRoZE9ncGpZeVpxRkRwbnJIdEtBVHRKRU9pR0ZRemFCTjdhSDc3MXJiTDQzc1VZQVRPV1lqZWlwdXhMSnpQMHg4MElkWnZWbVVwZG83Zw?oc=5\" target=\"_blank\" rel=\"nofollow noopener\">Euroopa Liit arutab v\u00e4listeenistuse refromi<\/a>&nbsp;&nbsp;ERR<\/li>\n<li><a href=\"https:\/\/news.google.com\/rss\/articles\/CBMirAFBVV95cUxOSHJrcVpJWTVRbW5lUDZWV1VEYmdWdWdKWFdPNWZHNjc4TVVfcmRJWE1FZ3h1bFBtdWVuSUxzaG1sN2tfUEpWUzlzX0VESnNhc1JKMkNLTlRWdi11b1d5LUVsUDdJdEpFcWRLVHotV3JsU2NOai1RYmNtZjhVbjZ2UkdPbWhhbW91OVoxWEJjNU50enEwQXpWQnI4M0x4SHJ0N3NZS1RnanRhUk9h?oc=5\" target=\"_blank\" rel=\"nofollow noopener\">Kaja Kallas v\u00f5itleb Euroopa Liidu v\u00e4listeenistuse muudatuste vastu<\/a>&nbsp;&nbsp;aripaev.ee<\/li>\n<li><a href=\"https:\/\/news.google.com\/rss\/articles\/CBMiswFBVV95cUxQUG5TMV9JTFB3aUNsMjcxQVIxNHR1Ry1SanRjUlpyWW1vT2FkblEybUJHam5WSVJEZHQ4bFNINmxEN3Q0UHZ0S3QzRzRoblZEV0ZiemtmdGdvMXFvN1RxOG1sR1dHUk5IWlpMMTNSX01DTUZORzhCVS1tbERRaTFYdlpwTFFURHFJSGFmbl9GTHFqcE9JaW0wSnJVbThXWFVXbmJBSjZ2X0I4MjlKcGZxYTFTWQ?oc=5\" target=\"_blank\" rel=\"nofollow noopener\">Prantsusmaa ja Saksamaa plaan: Kaja Kallas saaks ELi v\u00e4lispoliitikas suurema v\u00f5imu<\/a>&nbsp;&nbsp;\u00d5htuleht<\/li>\n<li><a href=\"https:\/\/news.google.com\/rss\/articles\/CBMipgFBVV95cUxNaUppc1RuOU1GQWVyNXB6azRyZ083aDcycFBpeVQ1X21XRFE3Qnhld3RSU3JveUxlaGNYZXdSUVpiZ0RJWlBobVdaTzlLci1nVVUxMnlEUGxFeUhzV2oxaktkbVBtRnhZVXc4aEVkYWtqbW5RTW1IR2hqTDByaXFzMm50RVppeW05RVc2RnJ6dnp4TEJQV01tTnNqdWxUVGx4R3NOd0dR?oc=5\" target=\"_blank\" rel=\"nofollow noopener\">Politico: Prantsusmaa ja Saksamaa tegid ettepaneku Kallase rolli tugevdada<\/a>&nbsp;&nbsp;ERR<\/li>\n<\/ol>\n","protected":false},"excerpt":{"rendered":"Euroopa Liit arutab v\u00e4listeenistuse refromi&nbsp;&nbsp;ERR Kaja Kallas v\u00f5itleb Euroopa Liidu v\u00e4listeenistuse muudatuste vastu&nbsp;&nbsp;aripaev.ee Prantsusmaa ja Saksamaa plaan: Kaja&hellip;\n","protected":false},"author":2,"featured_media":269008,"comment_status":"","ping_status":"","sticky":false,"template":"","format":"standard","meta":{"footnotes":"","_share_on_mastodon":"0"},"categories":[5],"tags":[71,26,27,37,33,35,34,36,31,32,21,28,29,19,999,25,23,24,22,20,1084,30],"class_list":["post-269007","post","type-post","status-publish","format-standard","has-post-thumbnail","category-uldised-uudised","tag-arvamus","tag-breaking-news","tag-breakingnews","tag-ee","tag-eesti","tag-eesti-keel","tag-estonia","tag-estonian","tag-featured-news","tag-featurednews","tag-headlines","tag-latest-news","tag-latestnews","tag-news","tag-poliitika","tag-populaarseimad-lood","tag-top-stories","tag-topstories","tag-uldised-uudised","tag-uudised","tag-valismaa","tag-viimased-uudised"],"share_on_mastodon":{"url":"https:\/\/pubeurope.com\/@ee\/117217682053163654","error":""},"_links":{"self":[{"href":"https:\/\/www.europesays.com\/ee\/wp-json\/wp\/v2\/posts\/269007","targetHints":{"allow":["GET"]}}],"collection":[{"href":"https:\/\/www.europesays.com\/ee\/wp-json\/wp\/v2\/posts"}],"about":[{"href":"https:\/\/www.europesays.com\/ee\/wp-json\/wp\/v2\/types\/post"}],"author":[{"embeddable":true,"href":"https:\/\/www.europesays.com\/ee\/wp-json\/wp\/v2\/users\/2"}],"replies":[{"embeddable":true,"href":"https:\/\/www.europesays.com\/ee\/wp-json\/wp\/v2\/comments?post=269007"}],"version-history":[{"count":0,"href":"https:\/\/www.europesays.com\/ee\/wp-json\/wp\/v2\/posts\/269007\/revisions"}],"wp:featuredmedia":[{"embeddable":true,"href":"https:\/\/www.europesays.com\/ee\/wp-json\/wp\/v2\/media\/269008"}],"wp:attachment":[{"href":"https:\/\/www.europesays.com\/ee\/wp-json\/wp\/v2\/media?parent=269007"}],"wp:term":[{"taxonomy":"category","embeddable":true,"href":"https:\/\/www.europesays.com\/ee\/wp-json\/wp\/v2\/categories?post=269007"},{"taxonomy":"post_tag","embeddable":true,"href":"https:\/\/www.europesays.com\/ee\/wp-json\/wp\/v2\/tags?post=269007"}],"curies":[{"name":"wp","href":"https:\/\/api.w.org\/{rel}","templated":true}]}}