{"id":269009,"date":"2026-09-05T09:22:10","date_gmt":"2026-09-05T09:22:10","guid":{"rendered":"https:\/\/www.europesays.com\/ee\/269009\/"},"modified":"2026-09-05T09:22:10","modified_gmt":"2026-09-05T09:22:10","slug":"video-ootamatu-fakt-nexuse-janne-avaldas-et-16-aastaselt-laulis-just-tema-terminaatori-hittloos","status":"publish","type":"post","link":"https:\/\/www.europesays.com\/ee\/269009\/","title":{"rendered":"VIDEO | Ootamatu fakt: Nexuse Janne avaldas, et 16-aastaselt laulis just tema Terminaatori hittloos"},"content":{"rendered":"<p>Janne avaldas selle seiga oma TikToki kontol. \u201eEnne Nexust olin ma 16 ja laulsin juba Terminaatoris,\u201c m\u00e4rkis ta.<\/p>\n<p>\u201eEi olnudki Carmen,\u201c k\u00fcsis \u00fcks kommentaator l\u00f5bustatult. \u201eCarmen ei olnud,\u201c vastas Janne ja lisas otsa naerusuise emotikoni.<\/p>\n<p>\u201eMa olen valesti elanud kogu see aeg,\u201c t\u00e4hendas teine kommentaator. \u201eAeg oli t\u00f5de p\u00e4evavalgele tuua,\u201c muigas Janne.<\/p>\n<p>\u00dcks inimene m\u00e4rkis, et sellised jutud kunagi linnapeal k\u00e4isid. \u201eHehee, ma arvasin, et seda ei tea keegi,\u201c kostis Janne.<\/p>\n<p>\u201eCarmen\u201c on Terminaatori \u00fcks tuntumaid lugusid. See ilmus 2003. aastal nende plaadil \u201eKuut\u00f5bine\u201c. <\/p>\n<p>2003. aastal asutati Nexus, kuhu kuuluvad ka <a rel=\"noopener nofollow\" target=\"_blank\" href=\"https:\/\/www.delfi.ee\/teema\/128\/merlyn-uuskula\" tag-id=\"128\">Merlyn Uusk\u00fcla<\/a> ja <a rel=\"noopener nofollow\" target=\"_blank\" href=\"https:\/\/www.delfi.ee\/teema\/66933400\/helen-randmets\" tag-id=\"66933400\">Helen Randmets<\/a>. Esimesel tegutsemisaastal ilmus b\u00e4ndil deb\u00fc\u00fctalbum \u201eNii kuum\u201c. Plaadi nimilooga \u201eNii kuum\u201c v\u00f5ideti Raadio 2 Aastahiti auhind. Album sai 2004. aastal ka auhinna Kuldne plaat kategoorias \u201eUus tulija\u201c.<\/p>\n<p>T\u00e4nasel p\u00e4eval on nad aeg-ajalt kontserte andnud. Merilyn t\u00f5des \u00d5llesummeril Kroonikaga vesteldes, et laulud on ajaproovile vastu pidanud. \u201eT\u00e4na tulevad lapsevanemad koos oma lastega kontserdile ja k\u00f5ik laulavad kaasa. See on \u00fclimalt suur kompliment!\u201c r\u00f5\u00f5mustas ta.<\/p>\n<p>Kuidas see lugu Sind end tundma pani?Saada<a href=\"https:\/\/kroonika.delfi.ee\/artikkel\/120608562\/video-ootamatu-fakt-nexuse-janne-avaldas-et-16-aastaselt-laulis-just-tema-terminaatori-hittloos\/kommentaarid\" class=\"button button--primary button--size-auto article-body-bottom__comment article-body-bottom__comment--write\" style=\"\" rel=\"nofollow noopener\" target=\"_blank\">Kommenteeri<\/a><a href=\"https:\/\/kroonika.delfi.ee\/artikkel\/120608562\/video-ootamatu-fakt-nexuse-janne-avaldas-et-16-aastaselt-laulis-just-tema-terminaatori-hittloos\/kommentaarid\" class=\"button button--size-auto article-body-bottom__comment article-body-bottom__comment--read\" style=\"\" rel=\"nofollow noopener\" target=\"_blank\">Loe kommentaare (3)<\/a><\/p>\n","protected":false},"excerpt":{"rendered":"Janne avaldas selle seiga oma TikToki kontol. \u201eEnne Nexust olin ma 16 ja laulsin juba Terminaatoris,\u201c m\u00e4rkis ta.&hellip;\n","protected":false},"author":2,"featured_media":269010,"comment_status":"","ping_status":"","sticky":false,"template":"","format":"standard","meta":{"footnotes":"","_share_on_mastodon":"0"},"categories":[16],"tags":[37,33,35,173,34,36,3748,104021,140,3745],"class_list":["post-269009","post","type-post","status-publish","format-standard","has-post-thumbnail","category-meelelahutus","tag-ee","tag-eesti","tag-eesti-keel","tag-entertainment","tag-estonia","tag-estonian","tag-helen-randmets","tag-janne-saar-dalton","tag-meelelahutus","tag-merlyn-uuskula"],"share_on_mastodon":{"url":"https:\/\/pubeurope.com\/@ee\/117217705815631411","error":""},"_links":{"self":[{"href":"https:\/\/www.europesays.com\/ee\/wp-json\/wp\/v2\/posts\/269009","targetHints":{"allow":["GET"]}}],"collection":[{"href":"https:\/\/www.europesays.com\/ee\/wp-json\/wp\/v2\/posts"}],"about":[{"href":"https:\/\/www.europesays.com\/ee\/wp-json\/wp\/v2\/types\/post"}],"author":[{"embeddable":true,"href":"https:\/\/www.europesays.com\/ee\/wp-json\/wp\/v2\/users\/2"}],"replies":[{"embeddable":true,"href":"https:\/\/www.europesays.com\/ee\/wp-json\/wp\/v2\/comments?post=269009"}],"version-history":[{"count":0,"href":"https:\/\/www.europesays.com\/ee\/wp-json\/wp\/v2\/posts\/269009\/revisions"}],"wp:featuredmedia":[{"embeddable":true,"href":"https:\/\/www.europesays.com\/ee\/wp-json\/wp\/v2\/media\/269010"}],"wp:attachment":[{"href":"https:\/\/www.europesays.com\/ee\/wp-json\/wp\/v2\/media?parent=269009"}],"wp:term":[{"taxonomy":"category","embeddable":true,"href":"https:\/\/www.europesays.com\/ee\/wp-json\/wp\/v2\/categories?post=269009"},{"taxonomy":"post_tag","embeddable":true,"href":"https:\/\/www.europesays.com\/ee\/wp-json\/wp\/v2\/tags?post=269009"}],"curies":[{"name":"wp","href":"https:\/\/api.w.org\/{rel}","templated":true}]}}