{"id":269019,"date":"2026-09-05T09:33:08","date_gmt":"2026-09-05T09:33:08","guid":{"rendered":"https:\/\/www.europesays.com\/ee\/269019\/"},"modified":"2026-09-05T09:33:08","modified_gmt":"2026-09-05T09:33:08","slug":"peeter-volkonski-muusika-tahtsust-alahinnatakse-siiamaani","status":"publish","type":"post","link":"https:\/\/www.europesays.com\/ee\/269019\/","title":{"rendered":"Peeter Volkonski: muusika t\u00e4htsust alahinnatakse siiamaani"},"content":{"rendered":"<p class=\"MsoNormal\">Kohtume Volkonskiga 1. septembril, mil tema kodulinn Tartu on t\u00e4idetud esimese koolip\u00e4eva elevusega. K\u00f5ikjal, kuhu v\u00fcrstisoost muusika- ja teatritegelane astub, muutub siiski peamiseks vaatamisv\u00e4\u00e4rsuseks tema ise. Kaaslinlased k\u00f5netavad elavat legendi aupaklikult. Kui \u00fclikooli raamatukogu kohvikust Gaudeamuse juustukoogiks ristitud maiustus teele saadetakse, palutakse \u00fchtlasi m\u00e4rku anda, kui v\u00fcrst peaks hakkama Gaudeamust laulma.<\/p>\n","protected":false},"excerpt":{"rendered":"Kohtume Volkonskiga 1. septembril, mil tema kodulinn Tartu on t\u00e4idetud esimese koolip\u00e4eva elevusega. K\u00f5ikjal, kuhu v\u00fcrstisoost muusika- ja&hellip;\n","protected":false},"author":2,"featured_media":269020,"comment_status":"","ping_status":"","sticky":false,"template":"","format":"standard","meta":{"footnotes":"","_share_on_mastodon":"0"},"categories":[16],"tags":[104032,37,33,35,2649,173,34,36,54501,20669,140,104031,2521,431,42542,38777,104030,31812,249,23405],"class_list":["post-269019","post","type-post","status-publish","format-standard","has-post-thumbnail","category-meelelahutus","tag-armeenia-kultuur","tag-ee","tag-eesti","tag-eesti-keel","tag-eesti-muusika","tag-entertainment","tag-estonia","tag-estonian","tag-king-crimson","tag-maria-kallastu","tag-meelelahutus","tag-motteloidus","tag-narva","tag-noukogude-liit","tag-peeter-volkonski","tag-propeller","tag-pungikultuur","tag-station-narva","tag-tartu","tag-vaba-eesti"],"share_on_mastodon":{"url":"https:\/\/pubeurope.com\/@ee\/117217748741406720","error":""},"_links":{"self":[{"href":"https:\/\/www.europesays.com\/ee\/wp-json\/wp\/v2\/posts\/269019","targetHints":{"allow":["GET"]}}],"collection":[{"href":"https:\/\/www.europesays.com\/ee\/wp-json\/wp\/v2\/posts"}],"about":[{"href":"https:\/\/www.europesays.com\/ee\/wp-json\/wp\/v2\/types\/post"}],"author":[{"embeddable":true,"href":"https:\/\/www.europesays.com\/ee\/wp-json\/wp\/v2\/users\/2"}],"replies":[{"embeddable":true,"href":"https:\/\/www.europesays.com\/ee\/wp-json\/wp\/v2\/comments?post=269019"}],"version-history":[{"count":0,"href":"https:\/\/www.europesays.com\/ee\/wp-json\/wp\/v2\/posts\/269019\/revisions"}],"wp:featuredmedia":[{"embeddable":true,"href":"https:\/\/www.europesays.com\/ee\/wp-json\/wp\/v2\/media\/269020"}],"wp:attachment":[{"href":"https:\/\/www.europesays.com\/ee\/wp-json\/wp\/v2\/media?parent=269019"}],"wp:term":[{"taxonomy":"category","embeddable":true,"href":"https:\/\/www.europesays.com\/ee\/wp-json\/wp\/v2\/categories?post=269019"},{"taxonomy":"post_tag","embeddable":true,"href":"https:\/\/www.europesays.com\/ee\/wp-json\/wp\/v2\/tags?post=269019"}],"curies":[{"name":"wp","href":"https:\/\/api.w.org\/{rel}","templated":true}]}}