{"id":269021,"date":"2026-09-05T09:34:13","date_gmt":"2026-09-05T09:34:13","guid":{"rendered":"https:\/\/www.europesays.com\/ee\/269021\/"},"modified":"2026-09-05T09:34:13","modified_gmt":"2026-09-05T09:34:13","slug":"norra-laskesuusatajad-votsid-eesti-meistrivoistlustel-viisikvoidu","status":"publish","type":"post","link":"https:\/\/www.europesays.com\/ee\/269021\/","title":{"rendered":"Norra laskesuusatajad v\u00f5tsid Eesti meistriv\u00f5istlustel viisikv\u00f5idu"},"content":{"rendered":"<p>Meeste 10 km sprindi v\u00f5itis tavadistantsi valitsev ol\u00fcmpiav\u00f5itja Johan-Olav Botn, kel j\u00e4i m\u00f5lemal korral lasketiirus \u00fcks m\u00e4rk \u00fcles, kuid n\u00e4itas head kiirust rajal. L\u00e4him j\u00e4litaja oli kaasmaalane Einar Hedegart, kes tegi kahe tiiru peale kolm laskeviga ning kaotas Botnile 39,8 sekundiga. Poodiumi viimase astme h\u00f5ivas Vetle Sj\u00e5stad Christiansen (2+0; +45,7).<\/p>\n<p>Norra v\u00f5ttis koguni viisikv\u00f5idu. Viie parema sekka mahtusid veel Ole Tafjord Suhrke (0+3; +59,7)ja Isak Leknes Frey (0+2; +1.00,7). Parima eestlasena oli Jakob Kulbin kuues. Tal j\u00e4i avatiirus \u00fcks m\u00e4rk \u00fcles ja kaotas Botnile 1.20,0ga.<\/p>\n<p>Teistest Eesti tipptegijatest oli Rene Zahkna seitsmes (0+1; +1.20,0), Mark-Markos Kehva \u00fcheksas (1+0; +1.33,8), Yaroslav Neverov 14. (2+2; +2.35,8) ja Kristo Siimer 15. kohal (0+2; +2.45,4) Norralasest \u00fchisstardiga s\u00f5idu ol\u00fcmpiav\u00f5itja Johannes Dale-Skjevdal l\u00f5petas 15. kohal (2+3; +2.47,1).<\/p>\n<p>Kokku oli v\u00f5istlustules 40 sportlast.<\/p>\n<p>***<br \/>Norra laskesuusatamise meeste koondis saabus augusti l\u00f5pus Otep\u00e4\u00e4le treeninglaagrisse, et tutvuda 2027. aasta maailmameistriv\u00f5istluste v\u00f5istluspaigaga. \u00dchtlasi osalevad nad Eesti meistriv\u00f5istlustel. Norra koondis on esinduslik. Otep\u00e4\u00e4le s\u00f5itsid laagrisse nii Norra meeste A- kui B-koondis ehk kokku 12 sportlast.<\/p>\n<p>Eesti lahtised meistriv\u00f5istlused suvebiatlonis peetakse laup\u00e4eval ja p\u00fchap\u00e4eval, 5. ja 6. septembril Otep\u00e4\u00e4l Tehvandi spordikeskuses. Lisaks Norrale on sel suvel Otep\u00e4\u00e4l laagris k\u00e4inud ka mitmed teised rahvuskoondised. Juunis ja juulis treenisid Tehvandi spordikeskuse radadel Soome, L\u00e4ti, Ukraina, Poola, \u0160veitsi ja Saksamaa koondised.<\/p>\n<p>LaVita IBU laskesuusatamise maailmameistriv\u00f5istlused peetakse Otep\u00e4\u00e4l j\u00e4rgmise aasta 9.\u201321. veebruarini.<\/p>\n","protected":false},"excerpt":{"rendered":"Meeste 10 km sprindi v\u00f5itis tavadistantsi valitsev ol\u00fcmpiav\u00f5itja Johan-Olav Botn, kel j\u00e4i m\u00f5lemal korral lasketiirus \u00fcks m\u00e4rk \u00fcles,&hellip;\n","protected":false},"author":2,"featured_media":269022,"comment_status":"","ping_status":"","sticky":false,"template":"","format":"standard","meta":{"footnotes":"","_share_on_mastodon":"0"},"categories":[18],"tags":[37,33,35,101776,20915,34,36,21578,22359,22354,159,158,6962],"class_list":["post-269021","post","type-post","status-publish","format-standard","has-post-thumbnail","category-sport","tag-ee","tag-eesti","tag-eesti-keel","tag-eesti-lahtised-meistrivoistlused-suvebiatlonis","tag-einar-hedegart","tag-estonia","tag-estonian","tag-jakob-kulbin","tag-johan-olav-botn","tag-johannes-dale-skjevdal","tag-sport","tag-sports","tag-vetle-sjastad-christiansen"],"share_on_mastodon":{"url":"https:\/\/pubeurope.com\/@ee\/117217752704343441","error":""},"_links":{"self":[{"href":"https:\/\/www.europesays.com\/ee\/wp-json\/wp\/v2\/posts\/269021","targetHints":{"allow":["GET"]}}],"collection":[{"href":"https:\/\/www.europesays.com\/ee\/wp-json\/wp\/v2\/posts"}],"about":[{"href":"https:\/\/www.europesays.com\/ee\/wp-json\/wp\/v2\/types\/post"}],"author":[{"embeddable":true,"href":"https:\/\/www.europesays.com\/ee\/wp-json\/wp\/v2\/users\/2"}],"replies":[{"embeddable":true,"href":"https:\/\/www.europesays.com\/ee\/wp-json\/wp\/v2\/comments?post=269021"}],"version-history":[{"count":0,"href":"https:\/\/www.europesays.com\/ee\/wp-json\/wp\/v2\/posts\/269021\/revisions"}],"wp:featuredmedia":[{"embeddable":true,"href":"https:\/\/www.europesays.com\/ee\/wp-json\/wp\/v2\/media\/269022"}],"wp:attachment":[{"href":"https:\/\/www.europesays.com\/ee\/wp-json\/wp\/v2\/media?parent=269021"}],"wp:term":[{"taxonomy":"category","embeddable":true,"href":"https:\/\/www.europesays.com\/ee\/wp-json\/wp\/v2\/categories?post=269021"},{"taxonomy":"post_tag","embeddable":true,"href":"https:\/\/www.europesays.com\/ee\/wp-json\/wp\/v2\/tags?post=269021"}],"curies":[{"name":"wp","href":"https:\/\/api.w.org\/{rel}","templated":true}]}}