{"id":269023,"date":"2026-09-05T09:35:09","date_gmt":"2026-09-05T09:35:09","guid":{"rendered":"https:\/\/www.europesays.com\/ee\/269023\/"},"modified":"2026-09-05T09:35:09","modified_gmt":"2026-09-05T09:35:09","slug":"ford-puuab-oma-30-000-dollarise-uue-elektriautoga-purustada-tesla-muugirekordit","status":"publish","type":"post","link":"https:\/\/www.europesays.com\/ee\/269023\/","title":{"rendered":"Ford p\u00fc\u00fcab oma 30 000 dollarise uue elektriautoga purustada Tesla m\u00fc\u00fcgirekordit"},"content":{"rendered":"<p>Ford plaanib soodsa elektrilise pikapiga Fathom suurt l\u00e4bimurret, seades eesm\u00e4rgiks m\u00fc\u00fca esimesel aastal \u00fcle 100 000 s\u00f5iduki \u2013 tase, milleni on USA-s seni k\u00fc\u00fcndinud vaid Tesla. Ligikaudu 30 000 dollarit maksva autoga soovib Ford muuta tootmise kulut\u00f5husaks. Autotootja usub, et ruumikas ja tehnoloogiliselt uuenenud Fathom kujuneb t\u00f5eliseks hittmudeliks.<\/p>\n","protected":false},"excerpt":{"rendered":"Ford plaanib soodsa elektrilise pikapiga Fathom suurt l\u00e4bimurret, seades eesm\u00e4rgiks m\u00fc\u00fca esimesel aastal \u00fcle 100 000 s\u00f5iduki \u2013&hellip;\n","protected":false},"author":2,"featured_media":269024,"comment_status":"","ping_status":"","sticky":false,"template":"","format":"standard","meta":{"footnotes":"","_share_on_mastodon":"0"},"categories":[14],"tags":[131,130,37,33,35,635,104035,104034,34,36,8667,104033,2226],"class_list":["post-269023","post","type-post","status-publish","format-standard","has-post-thumbnail","category-ari","tag-ari","tag-business","tag-ee","tag-eesti","tag-eesti-keel","tag-elektriauto","tag-elektriautode-turg","tag-elektripikap","tag-estonia","tag-estonian","tag-ford","tag-ford-fathom","tag-tesla"],"share_on_mastodon":{"url":"https:\/\/pubeurope.com\/@ee\/117217756864738518","error":""},"_links":{"self":[{"href":"https:\/\/www.europesays.com\/ee\/wp-json\/wp\/v2\/posts\/269023","targetHints":{"allow":["GET"]}}],"collection":[{"href":"https:\/\/www.europesays.com\/ee\/wp-json\/wp\/v2\/posts"}],"about":[{"href":"https:\/\/www.europesays.com\/ee\/wp-json\/wp\/v2\/types\/post"}],"author":[{"embeddable":true,"href":"https:\/\/www.europesays.com\/ee\/wp-json\/wp\/v2\/users\/2"}],"replies":[{"embeddable":true,"href":"https:\/\/www.europesays.com\/ee\/wp-json\/wp\/v2\/comments?post=269023"}],"version-history":[{"count":0,"href":"https:\/\/www.europesays.com\/ee\/wp-json\/wp\/v2\/posts\/269023\/revisions"}],"wp:featuredmedia":[{"embeddable":true,"href":"https:\/\/www.europesays.com\/ee\/wp-json\/wp\/v2\/media\/269024"}],"wp:attachment":[{"href":"https:\/\/www.europesays.com\/ee\/wp-json\/wp\/v2\/media?parent=269023"}],"wp:term":[{"taxonomy":"category","embeddable":true,"href":"https:\/\/www.europesays.com\/ee\/wp-json\/wp\/v2\/categories?post=269023"},{"taxonomy":"post_tag","embeddable":true,"href":"https:\/\/www.europesays.com\/ee\/wp-json\/wp\/v2\/tags?post=269023"}],"curies":[{"name":"wp","href":"https:\/\/api.w.org\/{rel}","templated":true}]}}