{"id":269025,"date":"2026-09-05T09:36:16","date_gmt":"2026-09-05T09:36:16","guid":{"rendered":"https:\/\/www.europesays.com\/ee\/269025\/"},"modified":"2026-09-05T09:36:16","modified_gmt":"2026-09-05T09:36:16","slug":"saakali-paev-versus-kliimahusteeria-uued-uudised","status":"publish","type":"post","link":"https:\/\/www.europesays.com\/ee\/269025\/","title":{"rendered":"&#8220;\u0160aakali p\u00e4ev&#8221; versus kliimah\u00fcsteeria &#8211; Uued Uudised"},"content":{"rendered":"<p>Seda ei juhtu just sageli, kui propagandat saab \u00fcmber l\u00fckata t\u00f5sielus\u00fcndmustel p\u00f5hineva ilukirjanduse kaudu.<\/p>\n<p>Prantsusmaal oli aegade kuumim suvi<br \/>SAINT-MAND\u00c9, 3. september, AFP-BNS \u2013 Prantsusmaa koges t\u00e4navu oma ajaloo kuumimat suve, mida iseloomustasid kuumalained, p\u00f5ud ja ulatuslikud metsatulekahjud, teatas neljap\u00e4eval keskkonnaminister.<\/p>\n<p>\u201cOleme just \u00fcle elanud k\u00f5ige kuumema suve alates m\u00f5\u00f5tmiste algusest 1900. aastal,\u201d \u00fctles Monique Barbut suvise kliimaaruande esitlusel, mis meteoroloogide jaoks h\u00f5lmab juunit, juulit ja augustit.<\/p>\n<p>Frederick Forsythi raamat \u201c\u0160aakali p\u00e4ev\u201d kirjeldab s\u00fcndmusi Prantsusmaal 1962. aastal, mil armee salajane organisatsioon OAS \u00fcritas tappa riigi presidenti Charles de Gaulle`i.<\/p>\n<p>\u201cL\u00f5puks ometi vajus p\u00e4ike palee m\u00fc\u00fcri taha ja hoovi viirutavad pikad varjud t\u00f5id m\u00f5nusat kergendust. Tolle aasta k\u00f5ige kuumemal p\u00e4eval oli \u00f5hutemperatuur isegi veel \u00f5htul kella seitsme ajal kaksk\u00fcmmend viis kraadi Celsiuse j\u00e4rgi. Linnaleitsakus toppisid parrislased torisevaid naisi ja kisavaid lapsi autodesse ning rongivagunitesse, et n\u00e4dalal\u00f5puks maale s\u00f5ita. Oli 22. august 1962 \u2013 p\u00e4ev, mil linnaservas otava k\u00e4put\u00e4ie meeste otsuse kohaselt pidi surema Prantsusmaa president Charles de Gaulle.<\/p>\n<p>Linnarahvas valmistus kuumuse eest j\u00f5gede ning mererandade suhtelisse jahedusse p\u00f5genema\u2026\u201d<\/p>\n<p>See on 64 aasta tagune kirjeldus suvekuumusest Prantsusmaa pealinnas, j\u00e4relikult pole sellesuvine palavus sealmail sugugi tundmatu. Ainult et tollal ei tehtud sellest h\u00fcsteeriat, nagu praegu kliimapanik\u00f6\u00f6rid teevad. Ja Vahemeremaades peetakse ajalooliselt siestat, vaikaega p\u00e4rastl\u00f5unal, mil \u00e4rid sulgesid palavuse t\u00f5ttu uksed ja avasid need taas umbes kella 17-18 paiku, mil kuumus j\u00e4rele andis.<\/p>\n<p>T\u00e4nase kliimah\u00fcsteeria aegadel seostatakse igat veidigi ekstreemsemat ilman\u00e4htust kohe inimtekkelise kliimasoojenemisega. Ainult vulkaanipurskeid ja maav\u00e4rinaid pole veel inimkonna s\u00fc\u00fcks aetud.<\/p>\n<p>Aga \u201c\u0160aakali p\u00e4evas\u201d on teisigi l\u00f5busaid kohti. Nimelt kehastus politsei poolt kogu riigis tagaaetav palgam\u00f5rvar homobaaris \u00fcmber geiks, arvates \u00f5igustatult, et nende seast teda ei otsita. Edasi s\u00f5itis ta homost \u201ckuningannaga\u201d tema koju, olles eelnevalt n\u00e4o ja huuled \u00e4ra v\u00e4rvinud.<\/p>\n<p>\u201cPolitseinik j\u00f5llitas neid silmapilgu, siis t\u00f5mbas, n\u00e4ol j\u00e4lkuseilme, pea tagasi.<\/p>\n<p>\u201cK\u00e4ige minema!\u201d kamandas ta midagi p\u00e4rimata. Kui auto minema veeres, pomises ta: \u201cSales pedes!\u201d<\/p>\n<p>\/\u2026\/ CRS-lase n\u00e4gu moonutas t\u00fclgastusegrimass. \u201cNeed kuradi lillad ajavad mu oksele!\u201d<\/p>\n<p>Tollal oli Prantsusmaa veel normaalne, geid ajasid s\u00fcdame pahaks, riik polnud veel migrante t\u00e4is ja Pariis oli armastuse linn\u2026<\/p>\n<p>Uued Uudised<\/p>\n","protected":false},"excerpt":{"rendered":"Seda ei juhtu just sageli, kui propagandat saab \u00fcmber l\u00fckata t\u00f5sielus\u00fcndmustel p\u00f5hineva ilukirjanduse kaudu. Prantsusmaal oli aegade kuumim&hellip;\n","protected":false},"author":2,"featured_media":269026,"comment_status":"","ping_status":"","sticky":false,"template":"","format":"standard","meta":{"footnotes":"","_share_on_mastodon":"0"},"categories":[80],"tags":[26,27,37,33,35,34,36,31,32,21,28,29,95,19,25,23,24,22,20,30,92,93,94],"class_list":["post-269025","post","type-post","status-publish","format-standard","has-post-thumbnail","category-maailm","tag-breaking-news","tag-breakingnews","tag-ee","tag-eesti","tag-eesti-keel","tag-estonia","tag-estonian","tag-featured-news","tag-featurednews","tag-headlines","tag-latest-news","tag-latestnews","tag-maailm","tag-news","tag-populaarseimad-lood","tag-top-stories","tag-topstories","tag-uldised-uudised","tag-uudised","tag-viimased-uudised","tag-world","tag-world-news","tag-worldnews"],"share_on_mastodon":{"url":"https:\/\/pubeurope.com\/@ee\/117217760736983884","error":""},"_links":{"self":[{"href":"https:\/\/www.europesays.com\/ee\/wp-json\/wp\/v2\/posts\/269025","targetHints":{"allow":["GET"]}}],"collection":[{"href":"https:\/\/www.europesays.com\/ee\/wp-json\/wp\/v2\/posts"}],"about":[{"href":"https:\/\/www.europesays.com\/ee\/wp-json\/wp\/v2\/types\/post"}],"author":[{"embeddable":true,"href":"https:\/\/www.europesays.com\/ee\/wp-json\/wp\/v2\/users\/2"}],"replies":[{"embeddable":true,"href":"https:\/\/www.europesays.com\/ee\/wp-json\/wp\/v2\/comments?post=269025"}],"version-history":[{"count":0,"href":"https:\/\/www.europesays.com\/ee\/wp-json\/wp\/v2\/posts\/269025\/revisions"}],"wp:featuredmedia":[{"embeddable":true,"href":"https:\/\/www.europesays.com\/ee\/wp-json\/wp\/v2\/media\/269026"}],"wp:attachment":[{"href":"https:\/\/www.europesays.com\/ee\/wp-json\/wp\/v2\/media?parent=269025"}],"wp:term":[{"taxonomy":"category","embeddable":true,"href":"https:\/\/www.europesays.com\/ee\/wp-json\/wp\/v2\/categories?post=269025"},{"taxonomy":"post_tag","embeddable":true,"href":"https:\/\/www.europesays.com\/ee\/wp-json\/wp\/v2\/tags?post=269025"}],"curies":[{"name":"wp","href":"https:\/\/api.w.org\/{rel}","templated":true}]}}